{"id":25222,"date":"2026-03-03T10:31:56","date_gmt":"2026-03-03T02:31:56","guid":{"rendered":"https:\/\/yebodaglass.com\/?p=25222"},"modified":"2026-03-03T11:02:51","modified_gmt":"2026-03-03T03:02:51","slug":"quality-standards-in-glass-water-bottles-wholesale","status":"publish","type":"post","link":"https:\/\/yebodaglass.com\/hu\/quality-standards-in-glass-water-bottles-wholesale\/","title":{"rendered":"Min\u0151s\u00e9gi szabv\u00e1nyok az \u00fcveg vizespalackok nagykereskedelm\u00e9ben"},"content":{"rendered":"<div data-elementor-type=\"wp-post\" data-elementor-id=\"25222\" class=\"elementor elementor-25222\" data-elementor-settings=\"{&quot;ha_cmc_init_switcher&quot;:&quot;no&quot;}\" data-elementor-post-type=\"post\">\n\t\t\t\t<div class=\"elementor-element elementor-element-93044e0 e-flex e-con-boxed e-con e-parent\" data-id=\"93044e0\" data-element_type=\"container\" data-e-type=\"container\" data-settings=\"{&quot;_ha_eqh_enable&quot;:false}\">\n\t\t\t\t\t<div class=\"e-con-inner\">\n\t\t\t\t<div class=\"elementor-element elementor-element-2a8845b elementor-widget elementor-widget-heading\" data-id=\"2a8845b\" data-element_type=\"widget\" data-e-type=\"widget\" data-widget_type=\"heading.default\">\n\t\t\t\t<div class=\"elementor-widget-container\">\n\t\t\t\t\t<h2 class=\"elementor-heading-title elementor-size-default\">Bevezet\u00e9s<\/h2>\t\t\t\t<\/div>\n\t\t\t\t<\/div>\n\t\t\t\t\t<\/div>\n\t\t\t\t<\/div>\n\t\t<div class=\"elementor-element elementor-element-bd31720 e-flex e-con-boxed e-con e-parent\" data-id=\"bd31720\" data-element_type=\"container\" data-e-type=\"container\" data-settings=\"{&quot;_ha_eqh_enable&quot;:false}\">\n\t\t\t\t\t<div class=\"e-con-inner\">\n\t\t\t\t<div class=\"elementor-element elementor-element-3fece55 elementor-widget elementor-widget-text-editor\" data-id=\"3fece55\" data-element_type=\"widget\" data-e-type=\"widget\" data-widget_type=\"text-editor.default\">\n\t\t\t\t<div class=\"elementor-widget-container\">\n\t\t\t\t\t\t\t\t\t<article class=\"text-token-text-primary w-full focus:outline-none [--shadow-height:45px] has-data-writing-block:pointer-events-none has-data-writing-block:-mt-(--shadow-height) has-data-writing-block:pt-(--shadow-height) [&amp;:has([data-writing-block])&gt;*]:pointer-events-auto [content-visibility:auto] supports-[content-visibility:auto]:[contain-intrinsic-size:auto_100lvh] scroll-mt-[calc(var(--header-height)+min(200px,max(70px,20svh)))]\" dir=\"auto\" tabindex=\"-1\" data-turn-id=\"9824daad-56b3-4a40-9fe2-1443783f8c2c\" data-testid=\"conversation-turn-278\" data-scroll-anchor=\"true\" data-turn=\"assistant\">A nemzetk\u00f6zi \u00fcveg vizespalack-forgalmaz\u00e1si piac gyorsan v\u00e1ltozott, a m\u00e1rk\u00e1k, forgalmaz\u00f3k \u00e9s kiskeresked\u0151k egyre nagyobb figyelmet ford\u00edtanak a fenntarthat\u00f3 csomagol\u00e1sra. Az \u00fcveg vizespalackok \u00fajrafelhaszn\u00e1lhat\u00f3k, k\u00e9miailag stabilak \u00e9s teljes m\u00e9rt\u00e9kben \u00fajrahasznos\u00edthat\u00f3k a m\u0171anyag helyettes\u00edt\u0151kkel szemben, amelyek nagyon vonz\u00f3ak a kiskereskedelmi \u00e9s prom\u00f3ci\u00f3s piacokon. A kereslet egyre intenz\u00edvebb\u00e9 v\u00e1lik, \u00e9s a v\u00e1s\u00e1rl\u00f3k ig\u00e9nyei is egyre magasabbak. <a href=\"https:\/\/yebodaglass.com\/hu\/glass-water-bottles\/\">\u00fcveg vizes palackok nagykereskedelem<\/a> A piacot nem tudj\u00e1k kiel\u00e9g\u00edteni a versenyk\u00e9pes \u00e1rak; a vev\u0151k \u00e1lland\u00f3 min\u0151s\u00e9get, a szab\u00e1lyoz\u00e1sok betart\u00e1s\u00e1t \u00e9s a stabil, nagym\u00e9ret\u0171 k\u00edn\u00e1latot k\u00f6vetelik meg. A mai vil\u00e1gban a versenyk\u00e9pes nagykereskedelmi v\u00e1s\u00e1rl\u00f3knak nemcsak az eszt\u00e9tik\u00e1t, hanem az alapanyagok \u00f6sszet\u00e9tel\u00e9t, tart\u00f3ss\u00e1g\u00e1t, m\u0171k\u00f6d\u00e9s\u00e9t \u00e9s gy\u00e1rt\u00e1sellen\u0151rz\u00e9s\u00e9t is figyelembe kell venni\u00fck. Az \u00fcvegb\u0151l k\u00e9sz\u00fclt iv\u00f3v\u00edzpalackoknak kiv\u00e1l\u00f3 min\u0151s\u00e9g\u0171eknek kell lenni\u00fck, hogy megfeleljenek az \u00e9lelmiszerrel val\u00f3 \u00e9rintkez\u00e9s biztons\u00e1gi szab\u00e1lyainak, a h\u0151m\u00e9rs\u00e9klet-v\u00e1ltoz\u00e1soknak \u00e9s az anyag sz\u00e1ll\u00edt\u00e1s k\u00f6zbeni szerkezeti integrit\u00e1s\u00e1nak. Ezek a m\u0171szaki szabv\u00e1nyok nagyon fontosak az \u00fcvegpalack-nagykeresked\u0151k\u00f6n kereszt\u00fcl beszerz\u0151 forgalmaz\u00f3k sz\u00e1m\u00e1ra a kock\u00e1zat minimaliz\u00e1l\u00e1sa \u00e9s a m\u00e1rkan\u00e9v v\u00e9delme \u00e9rdek\u00e9ben. A besz\u00e1ll\u00edt\u00f3i elemz\u00e9s kezdeti szintjein a professzion\u00e1lis gy\u00e1rt\u00f3k, mint p\u00e9ld\u00e1ul <a href=\"https:\/\/yebodaglass.com\/hu\/why-yeboda-glass\/\">Yeboda<\/a> nyilv\u00e1nval\u00f3 el\u0151ny\u00f6kkel rendelkeznek. A Yeboda \u00fcveg vizespalackok nagy tisztas\u00e1g\u00fa alapanyagokb\u00f3l, h\u0151kezel\u00e9ssel \u00e9s automatiz\u00e1lt ellen\u0151rz\u00e9ssel k\u00e9sz\u00fclnek. Palackjaikat a falvastags\u00e1g egyenletess\u00e9ge, a perem kidolgoz\u00e1sa biztos\u00edtja a biztons\u00e1gos \u00e9rintkez\u00e9st iv\u00e1s k\u00f6zben, valamint a boroszilik\u00e1t szerkezet jelenl\u00e9te a nagyobb h\u0151\u00e1ll\u00f3s\u00e1g \u00e9rdek\u00e9ben. Az \u00fcveg vizespalackok nagykereskedelmi programjaihoz csatlakoz\u00f3 v\u00e1s\u00e1rl\u00f3k sz\u00e1m\u00e1ra ez alacsonyabb hibasz\u00e1zal\u00e9kot, \u00e1lland\u00f3 nagy t\u00e9telben t\u00f6rt\u00e9n\u0151 sz\u00e1ll\u00edt\u00e1st \u00e9s jobb v\u00e9gfelhaszn\u00e1l\u00f3i el\u00e9gedetts\u00e9get jelent.<\/article>\t\t\t\t\t\t\t\t<\/div>\n\t\t\t\t<\/div>\n\t\t\t\t<div class=\"elementor-element elementor-element-a61f10f elementor-widget elementor-widget-image\" data-id=\"a61f10f\" data-element_type=\"widget\" data-e-type=\"widget\" data-widget_type=\"image.default\">\n\t\t\t\t<div class=\"elementor-widget-container\">\n\t\t\t\t\t\t\t\t\t\t\t\t\t\t\t<img fetchpriority=\"high\" decoding=\"async\" width=\"600\" height=\"450\" src=\"https:\/\/yebodaglass.com\/wp-content\/uploads\/2026\/03\/glass-water-bottles-wholesale-1.webp\" class=\"attachment-full size-full wp-image-25223\" alt=\"\u00fcveg vizes palackok nagykereskedelem\" \/>\t\t\t\t\t\t\t\t\t\t\t\t\t\t\t<\/div>\n\t\t\t\t<\/div>\n\t\t\t\t<div class=\"elementor-element elementor-element-0b2ac50 elementor-widget elementor-widget-heading\" data-id=\"0b2ac50\" data-element_type=\"widget\" data-e-type=\"widget\" data-widget_type=\"heading.default\">\n\t\t\t\t<div class=\"elementor-widget-container\">\n\t\t\t\t\t<h2 class=\"elementor-heading-title elementor-size-default\">Nagykereskedelmi \u00fcveg vizespalackok: anyag\u00f6sszet\u00e9tel \u00e9s biztons\u00e1g\n<\/h2>\t\t\t\t<\/div>\n\t\t\t\t<\/div>\n\t\t\t\t\t<\/div>\n\t\t\t\t<\/div>\n\t\t<div class=\"elementor-element elementor-element-884cf0d e-con-full e-flex e-con e-parent\" data-id=\"884cf0d\" data-element_type=\"container\" data-e-type=\"container\" data-settings=\"{&quot;_ha_eqh_enable&quot;:false}\">\n\t\t\t\t<div class=\"elementor-element elementor-element-21e70d1 elementor-widget elementor-widget-text-editor\" data-id=\"21e70d1\" data-element_type=\"widget\" data-e-type=\"widget\" data-widget_type=\"text-editor.default\">\n\t\t\t\t<div class=\"elementor-widget-container\">\n\t\t\t\t\t\t\t\t\t<p>Az \u00fcveg vizespalackok nagykereskedelmi \u00fczleteinek biztons\u00e1ga \u00e9s tart\u00f3ss\u00e1ga a felhaszn\u00e1lt anyagt\u00f3l f\u00fcgg. Nagyobb mennyis\u00e9gben t\u00f6rt\u00e9n\u0151 v\u00e1s\u00e1rl\u00e1s el\u0151tt a nagykereskedelmi v\u00e1s\u00e1rl\u00f3knak ellen\u0151rizni\u00fck kell a k\u00e9miai \u00f6sszet\u00e9telt, a neh\u00e9zf\u00e9mek hat\u00e1r\u00e9rt\u00e9k\u00e9t \u00e9s a szab\u00e1lyoz\u00e1si tan\u00fas\u00edtv\u00e1nyokat.<\/p>\t\t\t\t\t\t\t\t<\/div>\n\t\t\t\t<\/div>\n\t\t\t\t<div class=\"elementor-element elementor-element-952257c elementor-widget elementor-widget-heading\" data-id=\"952257c\" data-element_type=\"widget\" data-e-type=\"widget\" data-widget_type=\"heading.default\">\n\t\t\t\t<div class=\"elementor-widget-container\">\n\t\t\t\t\t<h3 class=\"elementor-heading-title elementor-size-default\">A boroszilik\u00e1t \u00fcveg el\u0151nyei az \u00fcveg vizespalackokban nagykereskedelemben<\/h3>\t\t\t\t<\/div>\n\t\t\t\t<\/div>\n\t\t\t\t<div class=\"elementor-element elementor-element-d358ce6 elementor-widget elementor-widget-text-editor\" data-id=\"d358ce6\" data-element_type=\"widget\" data-e-type=\"widget\" data-widget_type=\"text-editor.default\">\n\t\t\t\t<div class=\"elementor-widget-container\">\n\t\t\t\t\t\t\t\t\t<p>A boroszilik\u00e1t \u00fcvegben tal\u00e1lhat\u00f3 szil\u00edcium-dioxid \u00e9s b\u00f3r-trioxid koncentr\u00e1ci\u00f3ja miatt a h\u0151t\u00e1gul\u00e1si egy\u00fctthat\u00f3ja nagyon alacsony. Alkalmas pr\u00e9mium \u00fcveg vizespalackok nagykereskedelmi programjaiban, ahol a forr\u00f3 folyad\u00e9k, a steriliz\u00e1l\u00e1s vagy a h\u0151m\u00e9rs\u00e9klet-v\u00e1ltoz\u00e1sok hat\u00e1ssal lehetnek a palackra. A boroszilik\u00e1t kosarak jobbak a hagyom\u00e1nyosakkal szemben. <a href=\"https:\/\/yebodaglass.com\/hu\/custom-glass-bottles\/\">\u00fcvegpalackok<\/a> reped\u00e9sekkel \u00e9s k\u00e9miai korr\u00f3zi\u00f3val kapcsolatban.<\/p>\t\t\t\t\t\t\t\t<\/div>\n\t\t\t\t<\/div>\n\t\t\t\t<div class=\"elementor-element elementor-element-cd95571 elementor-widget elementor-widget-heading\" data-id=\"cd95571\" data-element_type=\"widget\" data-e-type=\"widget\" data-widget_type=\"heading.default\">\n\t\t\t\t<div class=\"elementor-widget-container\">\n\t\t\t\t\t<h3 class=\"elementor-heading-title elementor-size-default\">N\u00e1trium-m\u00e9sz\u00fcveg felhaszn\u00e1l\u00e1sa \u00e9s k\u00f6lts\u00e9ghat\u00e9konys\u00e1ga<\/h3>\t\t\t\t<\/div>\n\t\t\t\t<\/div>\n\t\t\t\t<div class=\"elementor-element elementor-element-afa88b9 elementor-widget elementor-widget-text-editor\" data-id=\"afa88b9\" data-element_type=\"widget\" data-e-type=\"widget\" data-widget_type=\"text-editor.default\">\n\t\t\t\t<div class=\"elementor-widget-container\">\n\t\t\t\t\t\t\t\t\t<p>A n\u00e1trium-m\u00e9sz \u00fcveg gazdas\u00e1goss\u00e1g\u00e1nak \u00e9s az \u00e9lelmiszeripari min\u0151s\u00e9g\u0171 m\u0171k\u00f6d\u00e9s\u00e9nek k\u00f6sz\u00f6nhet\u0151en a mai napig is jelen van az \u00fcveg vizespalackok nagykereskedelm\u00e9ben. A modern, j\u00f3l megtervezett n\u00e1trium-m\u00e9sz \u00fcveg vizespalackok \u00f3lommentesek, \u00e9s megfelelnek az FDA \u00e9s az EU el\u0151\u00edr\u00e1sainak. A n\u00e1trium-m\u00e9sz \u00fcvegpalackok tov\u00e1bbra is j\u00f3 alternat\u00edv\u00e1t jelentenek a versenyk\u00e9pes \u00e1rakat kedvel\u0151 kiskereskedelmi m\u00e1rk\u00e1k sz\u00e1m\u00e1ra.<\/p>\t\t\t\t\t\t\t\t<\/div>\n\t\t\t\t<\/div>\n\t\t\t\t<div class=\"elementor-element elementor-element-243eb75 elementor-widget elementor-widget-heading\" data-id=\"243eb75\" data-element_type=\"widget\" data-e-type=\"widget\" data-widget_type=\"heading.default\">\n\t\t\t\t<div class=\"elementor-widget-container\">\n\t\t\t\t\t<h3 class=\"elementor-heading-title elementor-size-default\">Neh\u00e9zf\u00e9m-hat\u00e1r\u00e9rt\u00e9kek \u00e9s az \u00e9lelmiszerekkel val\u00f3 \u00e9rintkez\u00e9sre vonatkoz\u00f3 megfelel\u0151s\u00e9g\n<\/h3>\t\t\t\t<\/div>\n\t\t\t\t<\/div>\n\t\t\t\t<div class=\"elementor-element elementor-element-9650d43 elementor-widget elementor-widget-text-editor\" data-id=\"9650d43\" data-element_type=\"widget\" data-e-type=\"widget\" data-widget_type=\"text-editor.default\">\n\t\t\t\t<div class=\"elementor-widget-container\">\n\t\t\t\t\t\t\t\t\t<p>Az \u00fcveg vizespalackok nagykeresked\u0151inek be kell tartaniuk az FDA \u00e9lelmiszerekkel val\u00f3 \u00e9rintkez\u00e9sre vonatkoz\u00f3 el\u0151\u00edr\u00e1sait, valamint az EU 1935\/2004\/EK rendelet\u00e9t. A vizsg\u00e1lat biztos\u00edtja, hogy az \u00f3lom \u00e9s a kadmium migr\u00e1ci\u00f3ja a megengedett hat\u00e1r\u00e9rt\u00e9keken bel\u00fcl maradjon. A j\u00f3v\u00e1hagyott megfelel\u0151s\u00e9g n\u00f6veli a v\u00e1s\u00e1rl\u00f3k bizalm\u00e1t az \u00fcveg vizespalackok nagykereskedelmi beszerz\u00e9s\u00e9ben, k\u00fcl\u00f6n\u00f6sen az exportpiacokon.<\/p>\t\t\t\t\t\t\t\t<\/div>\n\t\t\t\t<\/div>\n\t\t\t\t<div class=\"elementor-element elementor-element-0207ffd elementor-widget elementor-widget-heading\" data-id=\"0207ffd\" data-element_type=\"widget\" data-e-type=\"widget\" data-widget_type=\"heading.default\">\n\t\t\t\t<div class=\"elementor-widget-container\">\n\t\t\t\t\t<h2 class=\"elementor-heading-title elementor-size-default\">Min\u0151s\u00e9gellen\u0151rz\u00e9s az \u00fcveg vizespalackok nagykereskedelm\u00e9ben gy\u00e1rt\u00f3k\u00e9nt<\/h2>\t\t\t\t<\/div>\n\t\t\t\t<\/div>\n\t\t\t\t<div class=\"elementor-element elementor-element-ca65540 elementor-widget elementor-widget-text-editor\" data-id=\"ca65540\" data-element_type=\"widget\" data-e-type=\"widget\" data-widget_type=\"text-editor.default\">\n\t\t\t\t<div class=\"elementor-widget-container\">\n\t\t\t\t\t\t\t\t\t<p>Az \u00fcveg vizespalackok nagykereskedelmi min\u0151s\u00e9g\u00e9nek \u00e1lland\u00f3s\u00e1g\u00e1t csak \u00fagy lehet garant\u00e1lni, ha mindent ellen\u0151riznek a gy\u00e1rt\u00e1si folyamat sor\u00e1n, eg\u00e9szen a v\u00e9gs\u0151 j\u00f3v\u00e1hagyott r\u00e9szletekig.<\/p>\t\t\t\t\t\t\t\t<\/div>\n\t\t\t\t<\/div>\n\t\t\t\t<div class=\"elementor-element elementor-element-3412178 elementor-widget elementor-widget-heading\" data-id=\"3412178\" data-element_type=\"widget\" data-e-type=\"widget\" data-widget_type=\"heading.default\">\n\t\t\t\t<div class=\"elementor-widget-container\">\n\t\t\t\t\t<h3 class=\"elementor-heading-title elementor-size-default\">A nyersanyag \u00e9s az olvad\u00e1s pontoss\u00e1ga<\/h3>\t\t\t\t<\/div>\n\t\t\t\t<\/div>\n\t\t\t\t<div class=\"elementor-element elementor-element-faf93c6 elementor-widget elementor-widget-text-editor\" data-id=\"faf93c6\" data-element_type=\"widget\" data-e-type=\"widget\" data-widget_type=\"text-editor.default\">\n\t\t\t\t<div class=\"elementor-widget-container\">\n\t\t\t\t\t\t\t\t\t<p>A j\u00f3 \u00fcvegpalackok tiszt\u00edtott szil\u00edcium-dioxid homokb\u00f3l, sz\u00f3d\u00e1b\u00f3l \u00e9s m\u00e9szk\u0151b\u0151l k\u00e9sz\u00fclnek. A bubor\u00e9kok, z\u00e1rv\u00e1nyok vagy gyenge pontok a szennyez\u0151d\u00e9sek lehets\u00e9ges okai. A megb\u00edzhat\u00f3 \u00fcvegpalack-nagykeresked\u0151k k\u00e9miai vizsg\u00e1latokat \u00e9s t\u00e9tel\u00e1lland\u00f3s\u00e1gi teszteket v\u00e9geznek, \u00e9s 1500 \u00b0C-n\u00e1l magasabb h\u0151m\u00e9rs\u00e9kleten olvasztj\u00e1k az \u00fcvegpalackokat.<\/p>\t\t\t\t\t\t\t\t<\/div>\n\t\t\t\t<\/div>\n\t\t\t\t<div class=\"elementor-element elementor-element-4fd7181 elementor-widget elementor-widget-heading\" data-id=\"4fd7181\" data-element_type=\"widget\" data-e-type=\"widget\" data-widget_type=\"heading.default\">\n\t\t\t\t<div class=\"elementor-widget-container\">\n\t\t\t\t\t<h3 class=\"elementor-heading-title elementor-size-default\">Form\u00e1z\u00e1s, h\u0151kezel\u00e9s \u00e9s szerkezeti integrit\u00e1s<\/h3>\t\t\t\t<\/div>\n\t\t\t\t<\/div>\n\t\t\t\t<div class=\"elementor-element elementor-element-0b35584 elementor-widget elementor-widget-text-editor\" data-id=\"0b35584\" data-element_type=\"widget\" data-e-type=\"widget\" data-widget_type=\"text-editor.default\">\n\t\t\t\t<div class=\"elementor-widget-container\">\n\t\t\t\t\t\t\t\t\t<p>Form\u00e1z\u00e1s: A form\u00e1z\u00e1s sor\u00e1n a f\u00fav\u00e1sos vagy pr\u00e9sel\u00e9ses elj\u00e1r\u00e1ssal el\u0151\u00e1ll\u00edtott \u00fcvegfalaknak \u00e1lland\u00f3 falvastags\u00e1ggal kell rendelkezni\u00fck. A megfelel\u0151 l\u00e1gy\u00edt\u00e1s kik\u00fcsz\u00f6b\u00f6li a bels\u0151 fesz\u00fclts\u00e9geket, ami megakad\u00e1lyozza a reped\u00e9sek kialakul\u00e1s\u00e1t. Az \u00fcvegpalackok nagykereskedelmi gy\u00e1rt\u00e1sa sor\u00e1n alkalmazott szab\u00e1lyozott h\u0171t\u00e9s biztos\u00edtja az \u00fcvegpalackok szerkezeti stabilit\u00e1s\u00e1t \u00e9s hossz\u00fa t\u00e1v\u00fa tart\u00f3ss\u00e1g\u00e1t.<\/p>\t\t\t\t\t\t\t\t<\/div>\n\t\t\t\t<\/div>\n\t\t\t\t<div class=\"elementor-element elementor-element-70c7314 elementor-widget elementor-widget-heading\" data-id=\"70c7314\" data-element_type=\"widget\" data-e-type=\"widget\" data-widget_type=\"heading.default\">\n\t\t\t\t<div class=\"elementor-widget-container\">\n\t\t\t\t\t<h3 class=\"elementor-heading-title elementor-size-default\">Automatiz\u00e1lt optikai ellen\u0151rz\u0151 \u00e9s SPC rendszerek<\/h3>\t\t\t\t<\/div>\n\t\t\t\t<\/div>\n\t\t\t\t<div class=\"elementor-element elementor-element-61f2192 elementor-widget elementor-widget-text-editor\" data-id=\"61f2192\" data-element_type=\"widget\" data-e-type=\"widget\" data-widget_type=\"text-editor.default\">\n\t\t\t\t<div class=\"elementor-widget-container\">\n\t\t\t\t\t\t\t\t\t<p>A jelenlegi vizespalack-nagykereskedelmi \u00fczemek automatiz\u00e1lt optikai ellen\u0151rz\u0151 (AOI) rendszereket haszn\u00e1lnak a mikroreped\u00e9sek, m\u00e9retbeli elt\u00e9r\u00e9sek \u00e9s fel\u00fcleti hib\u00e1k azonos\u00edt\u00e1s\u00e1ra. Az elt\u00e9r\u00e9seket tov\u00e1bb cs\u00f6kkentik a statisztikai folyamatir\u00e1ny\u00edt\u00e1si (SPC) eszk\u00f6z\u00f6k. Ezek a technol\u00f3gi\u00e1k az \u00fcvegpalackok min\u0151s\u00e9g\u00e9nek fenntart\u00e1s\u00e1hoz is sz\u00fcks\u00e9gesek nagykereskedelmi megrendel\u00e9sek kezel\u00e9sekor.<\/p>\t\t\t\t\t\t\t\t<\/div>\n\t\t\t\t<\/div>\n\t\t\t\t<div class=\"elementor-element elementor-element-49d5398 elementor-widget elementor-widget-heading\" data-id=\"49d5398\" data-element_type=\"widget\" data-e-type=\"widget\" data-widget_type=\"heading.default\">\n\t\t\t\t<div class=\"elementor-widget-container\">\n\t\t\t\t\t<h2 class=\"elementor-heading-title elementor-size-default\">\u00dcveg vizespalack nagykereskedelmi tart\u00f3ss\u00e1gi \u00e9s teljes\u00edtm\u00e9nyvizsg\u00e1lati szabv\u00e1nyok<\/h2>\t\t\t\t<\/div>\n\t\t\t\t<\/div>\n\t\t\t\t<div class=\"elementor-element elementor-element-8a6f462 elementor-widget elementor-widget-text-editor\" data-id=\"8a6f462\" data-element_type=\"widget\" data-e-type=\"widget\" data-widget_type=\"text-editor.default\">\n\t\t\t\t<div class=\"elementor-widget-container\">\n\t\t\t\t\t\t\t\t\t<p>A tart\u00f3ss\u00e1gi tesztel\u00e9s a val\u00f3s k\u00f6r\u00fclm\u00e9nyek szimul\u00e1l\u00e1s\u00e1nak egy form\u00e1ja, amelynek c\u00e9lja az \u00fcvegpalackok nagykereskedelmi ell\u00e1t\u00e1si l\u00e1ncainak megb\u00edzhat\u00f3s\u00e1g\u00e1nak biztos\u00edt\u00e1sa.<\/p>\t\t\t\t\t\t\t\t<\/div>\n\t\t\t\t<\/div>\n\t\t\t\t<div class=\"elementor-element elementor-element-a2d9a81 elementor-widget elementor-widget-heading\" data-id=\"a2d9a81\" data-element_type=\"widget\" data-e-type=\"widget\" data-widget_type=\"heading.default\">\n\t\t\t\t<div class=\"elementor-widget-container\">\n\t\t\t\t\t<h3 class=\"elementor-heading-title elementor-size-default\">H\u0151sokk-\u00e1ll\u00f3s\u00e1gi teszt<\/h3>\t\t\t\t<\/div>\n\t\t\t\t<\/div>\n\t\t\t\t<div class=\"elementor-element elementor-element-1761baa elementor-widget elementor-widget-text-editor\" data-id=\"1761baa\" data-element_type=\"widget\" data-e-type=\"widget\" data-widget_type=\"text-editor.default\">\n\t\t\t\t<div class=\"elementor-widget-container\">\n\t\t\t\t\t\t\t\t\t<p>Az \u00fajrafelhaszn\u00e1lhat\u00f3 \u00fcveg vizespalackoknak h\u0151sokk-\u00e1ll\u00f3 tulajdons\u00e1gokkal kell rendelkezni\u00fck. A norm\u00e1l t\u00edpus\u00fa sz\u00f3dav\u00edz ak\u00e1r 42-60 fokos h\u0151m\u00e9rs\u00e9kletk\u00fcl\u00f6nbs\u00e9get is kib\u00edr, b\u00e1r a boroszilik\u00e1t palackok sokkal magasabb h\u0151m\u00e9rs\u00e9kletet is elviselnek. Ezek meghat\u00e1roz\u00f3 t\u00e9nyez\u0151k az \u00fcveg vizespalackok nagykereskedelmi v\u00e1s\u00e1rl\u00f3inak term\u00e9kmegt\u00e9r\u00fcl\u00e9s\u00e9ben az akt\u00edv \u00e9letm\u00f3dot folytat\u00f3 piacokon.<\/p>\t\t\t\t\t\t\t\t<\/div>\n\t\t\t\t<\/div>\n\t\t\t\t<div class=\"elementor-element elementor-element-307b092 elementor-widget elementor-widget-heading\" data-id=\"307b092\" data-element_type=\"widget\" data-e-type=\"widget\" data-widget_type=\"heading.default\">\n\t\t\t\t<div class=\"elementor-widget-container\">\n\t\t\t\t\t<h3 class=\"elementor-heading-title elementor-size-default\">\u00dct\u00e9s- \u00e9s ejt\u00e9s\u00e1ll\u00f3s\u00e1gi teszt<\/h3>\t\t\t\t<\/div>\n\t\t\t\t<\/div>\n\t\t\t\t<div class=\"elementor-element elementor-element-9c9c361 elementor-widget elementor-widget-text-editor\" data-id=\"9c9c361\" data-element_type=\"widget\" data-e-type=\"widget\" data-widget_type=\"text-editor.default\">\n\t\t\t\t<div class=\"elementor-widget-container\">\n\t\t\t\t\t\t\t\t\t<p>Az \u00fcveg t\u00f6r\u00e9keny term\u00e9szet\u00e9re val\u00f3 tekintettel \u00fct\u00e9s\u00e1ll\u00f3s\u00e1gi vizsg\u00e1latokra van sz\u00fcks\u00e9g. Az energiaelnyel\u00e9st ejt\u00e9si \u00e9s inga\u00fct\u00e9si vizsg\u00e1latokkal hat\u00e1rozz\u00e1k meg. A vizespalackok nagykereskedelmi logisztikai teljes\u00edtm\u00e9ny\u00e9t fel\u00fcletbevonattal \u00e9s a formatervez\u00e9s optimaliz\u00e1l\u00e1s\u00e1val jav\u00edtj\u00e1k.<\/p>\t\t\t\t\t\t\t\t<\/div>\n\t\t\t\t<\/div>\n\t\t\t\t<div class=\"elementor-element elementor-element-eff3977 elementor-widget elementor-widget-image\" data-id=\"eff3977\" data-element_type=\"widget\" data-e-type=\"widget\" data-widget_type=\"image.default\">\n\t\t\t\t<div class=\"elementor-widget-container\">\n\t\t\t\t\t\t\t\t\t\t\t\t\t\t\t<img decoding=\"async\" width=\"600\" height=\"450\" src=\"https:\/\/yebodaglass.com\/wp-content\/uploads\/2026\/03\/glass-water-bottles-wholesale.webp\" class=\"attachment-full size-full wp-image-25226\" alt=\"\u00fcveg vizes palackok nagykereskedelem\" \/>\t\t\t\t\t\t\t\t\t\t\t\t\t\t\t<\/div>\n\t\t\t\t<\/div>\n\t\t\t\t<div class=\"elementor-element elementor-element-2154f29 elementor-widget elementor-widget-heading\" data-id=\"2154f29\" data-element_type=\"widget\" data-e-type=\"widget\" data-widget_type=\"heading.default\">\n\t\t\t\t<div class=\"elementor-widget-container\">\n\t\t\t\t\t<h3 class=\"elementor-heading-title elementor-size-default\">Terhel\u00e9s- \u00e9s nyom\u00e1spr\u00f3ba f\u00fcgg\u0151leges szerint<\/h3>\t\t\t\t<\/div>\n\t\t\t\t<\/div>\n\t\t\t\t<div class=\"elementor-element elementor-element-d02a826 elementor-widget elementor-widget-text-editor\" data-id=\"d02a826\" data-element_type=\"widget\" data-e-type=\"widget\" data-widget_type=\"text-editor.default\">\n\t\t\t\t<div class=\"elementor-widget-container\">\n\t\t\t\t\t\t\t\t\t<p>A raklapos rak\u00e1sol\u00e1s gyakori a nagykereskedelmi sz\u00e1ll\u00edtm\u00e1nyokn\u00e1l. F\u00fcgg\u0151leges terhel\u00e9ses pr\u00f3b\u00e1t v\u00e9geznek az \u00fcvegpalackok nyom\u00e1s\u00e1ll\u00f3s\u00e1g\u00e1nak biztos\u00edt\u00e1s\u00e1ra. M\u00e9g akkor is, ha az \u00fcveg vizespalackok t\u00f6bbs\u00e9ge nem sz\u00e9nsavas, a hidrosztatikus nyom\u00e1spr\u00f3ba akkor is elv\u00e9gezhet\u0151 speci\u00e1lis felhaszn\u00e1l\u00e1si m\u00f3ddal az \u00fcveg vizespalackok nagykereskedelm\u00e9ben.<\/p>\t\t\t\t\t\t\t\t<\/div>\n\t\t\t\t<\/div>\n\t\t\t\t<div class=\"elementor-element elementor-element-e164eb8 elementor-widget elementor-widget-heading\" data-id=\"e164eb8\" data-element_type=\"widget\" data-e-type=\"widget\" data-widget_type=\"heading.default\">\n\t\t\t\t<div class=\"elementor-widget-container\">\n\t\t\t\t\t<h2 class=\"elementor-heading-title elementor-size-default\">Eszt\u00e9tikai egys\u00e9gess\u00e9g \u00e9s m\u00e1rka\u00e9p\u00edt\u00e9s az \u00fcveg vizespalackok nagykereskedelm\u00e9ben<\/h2>\t\t\t\t<\/div>\n\t\t\t\t<\/div>\n\t\t\t\t<div class=\"elementor-element elementor-element-4316d88 elementor-widget elementor-widget-text-editor\" data-id=\"4316d88\" data-element_type=\"widget\" data-e-type=\"widget\" data-widget_type=\"text-editor.default\">\n\t\t\t\t<div class=\"elementor-widget-container\">\n\t\t\t\t\t\t\t\t\t<p>A m\u00e1rka\u00e9p\u00edt\u00e9s vizu\u00e1lis vonzerej\u00e9nek \u00e9s pontoss\u00e1g\u00e1nak d\u00f6nt\u0151 t\u00e9nyez\u0151je a v\u00e1s\u00e1rl\u00e1si folyamatnak az \u00fcveg vizespalackok nagykereskedelm\u00e9t \u00e9rint\u0151 k\u00f6rnyezetben. A szerkezeti szil\u00e1rds\u00e1g \u00e9s a megfelel\u0151s\u00e9g biztons\u00e1got ny\u00fajt, de az eszt\u00e9tikai k\u00f6vetkezetess\u00e9g az, ami a kiskereskedelmi \u00e9rt\u00e9ket, a m\u00e1rkapozicion\u00e1l\u00e1st \u00e9s a fogyaszt\u00f3i \u00e9szlel\u00e9st biztos\u00edtja. A palackok nem csup\u00e1n \u00e1tlagos iv\u00f3palackok, hanem az \u00e9letm\u00f3d term\u00e9kei, amelyek fenntarthat\u00f3s\u00e1gukat, formatervez\u00e9si \u00edzl\u00e9s\u00fcket \u00e9s m\u00e1rkanev\u00fcket jelezhetik. A nagykereskedelmi v\u00e1s\u00e1rl\u00f3k sz\u00e1m\u00e1ra fontos a nagy gy\u00e1rt\u00e1si t\u00e9telek megjelen\u00e9s\u00e9nek egys\u00e9gess\u00e9ge. Az \u00e1tl\u00e1tsz\u00f3s\u00e1g, a sz\u00ednbeli elt\u00f6m\u0151d\u00e9s, a log\u00f3 elhelyezked\u00e9se vagy a fel\u00fcletkezel\u00e9s al\u00e1\u00e1shatja a m\u00e1rka hiteless\u00e9g\u00e9t \u00e9s vonzhatja a v\u00e1s\u00e1rl\u00f3i visszajelz\u00e9seket. Ez\u00e9rt a professzion\u00e1lis \u00fcveg vizespalackok nagykereskedelmi besz\u00e1ll\u00edt\u00f3i szigor\u00fa optikai m\u00e9r\u00e9seket \u00e9s dekor\u00e1ci\u00f3s ellen\u0151rz\u00e9seket \u00e9p\u00edtenek be a min\u0151s\u00e9gellen\u0151rz\u0151 berendez\u00e9sekbe.<\/p>\t\t\t\t\t\t\t\t<\/div>\n\t\t\t\t<\/div>\n\t\t\t\t<div class=\"elementor-element elementor-element-ea04feb elementor-widget elementor-widget-heading\" data-id=\"ea04feb\" data-element_type=\"widget\" data-e-type=\"widget\" data-widget_type=\"heading.default\">\n\t\t\t\t<div class=\"elementor-widget-container\">\n\t\t\t\t\t<h3 class=\"elementor-heading-title elementor-size-default\">Tisztas\u00e1g, hom\u00e1lyoss\u00e1g \u00e9s optikai min\u0151s\u00e9g<\/h3>\t\t\t\t<\/div>\n\t\t\t\t<\/div>\n\t\t\t\t<div class=\"elementor-element elementor-element-93269be elementor-widget elementor-widget-text-editor\" data-id=\"93269be\" data-element_type=\"widget\" data-e-type=\"widget\" data-widget_type=\"text-editor.default\">\n\t\t\t\t<div class=\"elementor-widget-container\">\n\t\t\t\t\t\t\t\t\t<p>A kiv\u00e1l\u00f3 min\u0151s\u00e9g\u0171 \u00fcvegpalackok egyik legfontosabb vizu\u00e1lis jele az \u00e1tl\u00e1tsz\u00f3s\u00e1g. Spektrofotom\u00e9tereket alkalmaznak a teljes f\u00e9ny\u00e1tereszt\u00e9s \u00e9s a hom\u00e1lyoss\u00e1g m\u00e9r\u00e9s\u00e9re. Az alacsony hom\u00e1lyoss\u00e1gi t\u00e9nyez\u0151k azt jelentik, hogy kev\u00e9s a f\u00e9nysz\u00f3r\u00e1s, \u00e9s \u00edgy krist\u00e1lytiszta az \u00e1tl\u00e1tsz\u00f3s\u00e1g. A pr\u00e9mium kateg\u00f3ri\u00e1s vizespalack-nagykereskedelmi programok v\u00e1s\u00e1rl\u00f3i \u00e1ltal\u00e1ban megadj\u00e1k az \u00e1tl\u00e1tsz\u00f3s\u00e1gi krit\u00e9riumokat, hogy garant\u00e1lj\u00e1k a k\u00fcl\u00f6nb\u00f6z\u0151 gy\u00e1rt\u00e1si t\u00e9telek egyenletess\u00e9g\u00e9t. Az optikai torz\u00edt\u00e1s vizsg\u00e1lata is nagyon fontos. Az egyenetlen falvastags\u00e1g vagy a bels\u0151 cs\u00edkok befoly\u00e1solhatj\u00e1k a folyad\u00e9kok megjelen\u00e9s\u00e9t a palackban. A magasabb szint\u0171 ellen\u0151rz\u0151 rendszerek millidioptri\u00e1ban (mdpt) m\u00e9rt torzul\u00e1st ellen\u0151rzik, hogy ellen\u0151rizz\u00e9k, az \u00fcveg vizespalackok sima fel\u00fclettel \u00e9s megfelel\u0151 hengeres geometri\u00e1val rendelkeznek-e. Ez a fajta ellen\u0151rz\u00e9s fokozza a term\u00e9kdifferenci\u00e1l\u00e1st azokn\u00e1l a m\u00e1rk\u00e1kn\u00e1l, amelyek a tisztas\u00e1got \u00e9s az \u00e1tl\u00e1tsz\u00f3s\u00e1got helyezik el\u0151t\u00e9rbe.<\/p>\t\t\t\t\t\t\t\t<\/div>\n\t\t\t\t<\/div>\n\t\t\t\t<div class=\"elementor-element elementor-element-569375e elementor-widget elementor-widget-heading\" data-id=\"569375e\" data-element_type=\"widget\" data-e-type=\"widget\" data-widget_type=\"heading.default\">\n\t\t\t\t<div class=\"elementor-widget-container\">\n\t\t\t\t\t<h3 class=\"elementor-heading-title elementor-size-default\">Sz\u00ednkonzisztencia \u00e9s dekor\u00e1ci\u00f3s technik\u00e1k<\/h3>\t\t\t\t<\/div>\n\t\t\t\t<\/div>\n\t\t\t\t<div class=\"elementor-element elementor-element-726388f elementor-widget elementor-widget-text-editor\" data-id=\"726388f\" data-element_type=\"widget\" data-e-type=\"widget\" data-widget_type=\"text-editor.default\">\n\t\t\t\t<div class=\"elementor-widget-container\">\n\t\t\t\t\t\t\t\t\t<p>Az \u00fcveg vizespalackok nagykereskedelm\u00e9ben a sz\u00ednstabilit\u00e1s t\u00e9telenk\u00e9nt elengedhetetlen, k\u00fcl\u00f6n\u00f6sen a sz\u00ednes vagy egyedi sz\u00edn\u0171 palackok eset\u00e9ben. A sz\u00ednv\u00e1ltoz\u00e1snak egy f\u0151 szabv\u00e1nyhoz viszony\u00edtott meghat\u00e1roz\u00e1s\u00e1hoz spektrofotometri\u00e1s anal\u00edzist alkalmaznak a \u0394E \u00e9rt\u00e9kek meghat\u00e1roz\u00e1s\u00e1ra. A cs\u00f6kkent \u0394E \u00e9rt\u00e9kek nagy t\u00e9telkonzisztenci\u00e1t eredm\u00e9nyeznek, ami elengedhetetlen a nagy kiskereskedelmi \u00fczletl\u00e1ncokban \u00e9s prom\u00f3ci\u00f3s kamp\u00e1nyokban.<\/p><p><strong>A dekor\u00e1ci\u00f3s m\u00f3dok szint\u00e9n n\u00f6velik a m\u00e1rka \u00e9rt\u00e9k\u00e9t. A gyakori m\u00f3dszerek k\u00f6z\u00e9 tartoznak:<\/strong><\/p><ul><li><strong>Szitanyom\u00e1s:<\/strong> Magas h\u0151m\u00e9rs\u00e9kleten megolvasztott ker\u00e1mia tint\u00e1k haszn\u00e1lat\u00e1t foglalja mag\u00e1ban, \u00edgy mosogat\u00f3g\u00e9pben moshat\u00f3 grafik\u00e1kat hoz l\u00e9tre.<\/li><li><strong>UV digit\u00e1lis nyomtat\u00e1s:<\/strong> 360 fokos, teljes sz\u00edn\u0171, nagy felbont\u00e1s\u00fa, karc\u00e1ll\u00f3 mint\u00e1kat tesz lehet\u0151v\u00e9.<\/li><li><strong>L\u00e9zergrav\u00edroz\u00e1s:<\/strong> Ez egy \u00e1lland\u00f3, matt jel\u00f6l\u00e9si technika, amelyet a fakul\u00e1s vagy vegyszerek nem tesznek t\u00f6nkre.<\/li><\/ul><p>Minden m\u00f3dszert tapad\u00e1si \u00e9s kop\u00e1svizsg\u00e1latnak kell al\u00e1vetni a term\u00e9k \u00e9letciklusa alatti tart\u00f3ss\u00e1g biztos\u00edt\u00e1sa \u00e9rdek\u00e9ben. Az \u00fcveg vizespalackok nagykereskedelmi gy\u00e1rt\u00e1s\u00e1nak d\u00edsz\u00edt\u00e9s\u00e9nek hib\u00e1ja magas visszak\u00fcld\u00e9si ar\u00e1nyhoz vezethet, \u00e9s a v\u00e1llalat h\u00edrnev\u00e9t k\u00e1ros\u00edthatja, ez\u00e9rt a folyamat ellen\u0151rz\u00e9se sz\u00fcks\u00e9ges.<\/p>\t\t\t\t\t\t\t\t<\/div>\n\t\t\t\t<\/div>\n\t\t\t\t<div class=\"elementor-element elementor-element-833f31b elementor-widget elementor-widget-heading\" data-id=\"833f31b\" data-element_type=\"widget\" data-e-type=\"widget\" data-widget_type=\"heading.default\">\n\t\t\t\t<div class=\"elementor-widget-container\">\n\t\t\t\t\t<h3 class=\"elementor-heading-title elementor-size-default\">Bevonatok, fel\u00fcletkezel\u00e9s \u00e9s fogyaszt\u00f3i meg\u00edt\u00e9l\u00e9s<\/h3>\t\t\t\t<\/div>\n\t\t\t\t<\/div>\n\t\t\t\t<div class=\"elementor-element elementor-element-4fedcbf elementor-widget elementor-widget-text-editor\" data-id=\"4fedcbf\" data-element_type=\"widget\" data-e-type=\"widget\" data-widget_type=\"text-editor.default\">\n\t\t\t\t<div class=\"elementor-widget-container\">\n\t\t\t\t\t\t\t\t\t<p>Az \u00e1tl\u00e1tsz\u00f3s\u00e1g \u00e9s a nyomtat\u00e1s mellett a fel\u00fcletkezel\u00e9s is nagyban hozz\u00e1j\u00e1rul a fogyaszt\u00f3i \u00e9lm\u00e9nyhez. \u00dcveg vizespalackok nagykereskedelme A matt hat\u00e1sok, a sz\u00edn\u00e1tmenetes hat\u00e1sok \u00e9s a f\u00e9mes hat\u00e1sok egyre n\u00e9pszer\u0171bbek a vizespalackok piac\u00e1n, az \u00e9letm\u00f3d \u00e9s a c\u00e9ges aj\u00e1nd\u00e9kok piac\u00e1n. Ezeket a bevonatokat egyenletesen kell felvinni, hogy ne legyenek foltosak vagy egyenetlen text\u00far\u00e1j\u00faak. A hidegen felvitt bevonatok fokozz\u00e1k a karc\u00e1ll\u00f3s\u00e1got, valamint a s\u00farl\u00f3d\u00e1st sz\u00e1ll\u00edt\u00e1s k\u00f6zben, ami cs\u00f6kkenti a t\u00f6r\u00e9sek sz\u00e1m\u00e1t a nagy t\u00e9telben t\u00f6rt\u00e9n\u0151 rakod\u00e1s sor\u00e1n. A tervez\u00e9s sor\u00e1n ellen\u0151rzik a szilikonh\u00fcvely vagy a cs\u00fasz\u00e1sg\u00e1tl\u00f3 h\u00fcvelyek kompatibilit\u00e1s\u00e1t is. A perem megfelel\u0151 pol\u00edroz\u00e1sa biztos\u00edtja a k\u00e9nyelmes \u00e9rintkez\u00e9st iv\u00e1s k\u00f6zben, a menetel\u00e9s pedig pontosan t\u00f6rt\u00e9nik, hogy a z\u00e1r\u00f3elemek sziv\u00e1rg\u00e1smentesek legyenek. Az eszt\u00e9tikai konzisztencia t\u00e1mogatja a term\u00e9k \u00e9rt\u00e9k\u00e9nek \u00e9rz\u00e9kel\u00e9s\u00e9t a m\u00e1rka\u00e9p\u00edt\u00e9s szempontj\u00e1b\u00f3l. A t\u00f6megpiaci \u00fcveg vizespalack-nagykereskedelemben az azonos vizu\u00e1lis min\u0151s\u00e9g fenntart\u00e1sa nagy mennyis\u00e9gben (ezer vagy milli\u00f3 egys\u00e9g) bizalmat teremt a forgalmaz\u00f3k \u00e9s a v\u00e9gfelhaszn\u00e1l\u00f3k k\u00f6r\u00e9ben is. A kiv\u00e1l\u00f3 min\u0151s\u00e9g\u0171 optikai m\u00e9r\u00e9sek, a szigor\u00fa min\u0151s\u00e9gellen\u0151rz\u00e9s a d\u00edsz\u00edt\u00e9sben \u00e9s a kifinomult kidolgoz\u00e1s kombin\u00e1ci\u00f3j\u00e1val a gy\u00e1rt\u00f3k a vizu\u00e1lis kiv\u00e1l\u00f3s\u00e1g k\u00e9p\u00e9t tudj\u00e1k ny\u00fajtani az \u00fcveg vizespalackokban, amely megfelel a jelenlegi versenyk\u00e9pes piac funkcion\u00e1lis \u00e9s \u00e9rzelmi elv\u00e1r\u00e1sainak.<\/p>\t\t\t\t\t\t\t\t<\/div>\n\t\t\t\t<\/div>\n\t\t\t\t<div class=\"elementor-element elementor-element-8735d58 elementor-widget elementor-widget-image\" data-id=\"8735d58\" data-element_type=\"widget\" data-e-type=\"widget\" data-widget_type=\"image.default\">\n\t\t\t\t<div class=\"elementor-widget-container\">\n\t\t\t\t\t\t\t\t\t\t\t\t\t\t\t<img decoding=\"async\" width=\"600\" height=\"450\" src=\"https:\/\/yebodaglass.com\/wp-content\/uploads\/2026\/03\/glass-water-bottles-wholesale-3.webp\" class=\"attachment-full size-full wp-image-25225\" alt=\"\u00fcveg vizes palackok nagykereskedelem\" \/>\t\t\t\t\t\t\t\t\t\t\t\t\t\t\t<\/div>\n\t\t\t\t<\/div>\n\t\t\t\t<div class=\"elementor-element elementor-element-d8c1f30 elementor-widget elementor-widget-heading\" data-id=\"d8c1f30\" data-element_type=\"widget\" data-e-type=\"widget\" data-widget_type=\"heading.default\">\n\t\t\t\t<div class=\"elementor-widget-container\">\n\t\t\t\t\t<h2 class=\"elementor-heading-title elementor-size-default\">Min\u0151s\u00e9gbiztos\u00edt\u00e1s \u00e9s szab\u00e1lyoz\u00e1si panaszok az \u00fcveg vizespalackok nagykereskedelm\u00e9ben<\/h2>\t\t\t\t<\/div>\n\t\t\t\t<\/div>\n\t\t\t\t<div class=\"elementor-element elementor-element-cb277cc elementor-widget elementor-widget-text-editor\" data-id=\"cb277cc\" data-element_type=\"widget\" data-e-type=\"widget\" data-widget_type=\"text-editor.default\">\n\t\t\t\t<div class=\"elementor-widget-container\">\n\t\t\t\t\t\t\t\t\t<p>A nemzetk\u00f6zi tan\u00fas\u00edtv\u00e1ny n\u00f6veli az \u00fcveg vizespalackok nagykereskedelm\u00e9nek hiteless\u00e9g\u00e9t.<\/p>\t\t\t\t\t\t\t\t<\/div>\n\t\t\t\t<\/div>\n\t\t\t\t<div class=\"elementor-element elementor-element-0b371cc elementor-widget elementor-widget-heading\" data-id=\"0b371cc\" data-element_type=\"widget\" data-e-type=\"widget\" data-widget_type=\"heading.default\">\n\t\t\t\t<div class=\"elementor-widget-container\">\n\t\t\t\t\t<h3 class=\"elementor-heading-title elementor-size-default\">ISO \u00e9s \u00c9lelmiszerbiztons\u00e1gi Tan\u00fas\u00edtv\u00e1ny<\/h3>\t\t\t\t<\/div>\n\t\t\t\t<\/div>\n\t\t\t\t<div class=\"elementor-element elementor-element-a81464e elementor-widget elementor-widget-text-editor\" data-id=\"a81464e\" data-element_type=\"widget\" data-e-type=\"widget\" data-widget_type=\"text-editor.default\">\n\t\t\t\t<div class=\"elementor-widget-container\">\n\t\t\t\t\t\t\t\t\t<p>A min\u0151s\u00e9gi, k\u00f6rnyezetv\u00e9delmi \u00e9s \u00e9lelmiszer-biztons\u00e1gi megfelel\u0151s\u00e9get az ISO 9001, ISO 14001 \u00e9s ISO 22000 szabv\u00e1nyok, valamint m\u00e1s kapcsol\u00f3d\u00f3 tan\u00fas\u00edtv\u00e1nyok igazolj\u00e1k. Ezek a tan\u00fas\u00edtv\u00e1nyok nagy lend\u00fcletet jelentenek az \u00fcveg vizespalackokat v\u00e1s\u00e1rl\u00f3 glob\u00e1lis v\u00e1s\u00e1rl\u00f3k sz\u00e1m\u00e1ra.<\/p>\t\t\t\t\t\t\t\t<\/div>\n\t\t\t\t<\/div>\n\t\t\t\t<div class=\"elementor-element elementor-element-1bf3c47 elementor-widget elementor-widget-heading\" data-id=\"1bf3c47\" data-element_type=\"widget\" data-e-type=\"widget\" data-widget_type=\"heading.default\">\n\t\t\t\t<div class=\"elementor-widget-container\">\n\t\t\t\t\t<h3 class=\"elementor-heading-title elementor-size-default\">AQL mintav\u00e9tel \u00e9s harmadik f\u00e9l \u00e1ltali ellen\u0151rz\u00e9s<\/h3>\t\t\t\t<\/div>\n\t\t\t\t<\/div>\n\t\t\t\t<div class=\"elementor-element elementor-element-9bfe355 elementor-widget elementor-widget-text-editor\" data-id=\"9bfe355\" data-element_type=\"widget\" data-e-type=\"widget\" data-widget_type=\"text-editor.default\">\n\t\t\t\t<div class=\"elementor-widget-container\">\n\t\t\t\t\t\t\t\t\t<p>Az elfogadhat\u00f3 min\u0151s\u00e9gi hat\u00e1r\u00e9rt\u00e9k (AQL) mintav\u00e9tel az \u00fcveg vizespalackok nagykereskedelmi sz\u00e1ll\u00edtm\u00e1ny\u00e1ban el\u0151fordul\u00f3 elfogadhat\u00f3 hibaar\u00e1nyok halmaza. A kiszervezett ellen\u0151rz\u00e9sekkel minimaliz\u00e1lhat\u00f3k a vit\u00e1k \u00e9s garant\u00e1lhat\u00f3 az \u00e1lland\u00f3s\u00e1g.<\/p>\t\t\t\t\t\t\t\t<\/div>\n\t\t\t\t<\/div>\n\t\t\t\t<div class=\"elementor-element elementor-element-a4a0d61 elementor-widget elementor-widget-heading\" data-id=\"a4a0d61\" data-element_type=\"widget\" data-e-type=\"widget\" data-widget_type=\"heading.default\">\n\t\t\t\t<div class=\"elementor-widget-container\">\n\t\t\t\t\t<h3 class=\"elementor-heading-title elementor-size-default\">Logisztika, fenntarthat\u00f3s\u00e1g \u00e9s ell\u00e1t\u00e1si l\u00e1nc ellen\u00e1ll\u00f3 k\u00e9pess\u00e9ge<\/h3>\t\t\t\t<\/div>\n\t\t\t\t<\/div>\n\t\t\t\t<div class=\"elementor-element elementor-element-725dbb0 elementor-widget elementor-widget-text-editor\" data-id=\"725dbb0\" data-element_type=\"widget\" data-e-type=\"widget\" data-widget_type=\"text-editor.default\">\n\t\t\t\t<div class=\"elementor-widget-container\">\n\t\t\t\t\t\t\t\t\t<p>Az \u00fcveg \u00fajrahasznos\u00edthat\u00f3 \u00e9s k\u00f6rnyezetbar\u00e1t. Mindazon\u00e1ltal v\u00e9d\u0151csomagol\u00e1sra \u00e9s speci\u00e1lis logisztik\u00e1ra van sz\u00fcks\u00e9g a sz\u00e1ll\u00edt\u00e1si kock\u00e1zatokkal kapcsolatban. A hossz\u00fa t\u00e1v\u00fa egy\u00fcttm\u0171k\u00f6d\u00e9seket olyan int\u00e9zked\u00e9sek er\u0151s\u00edtik, mint a fenntarthat\u00f3 beszerz\u00e9s \u00e9s a nyomonk\u00f6vethet\u0151s\u00e9g az \u00fcveg vizespalackok nagykereskedelm\u00e9ben.<\/p>\t\t\t\t\t\t\t\t<\/div>\n\t\t\t\t<\/div>\n\t\t\t\t<div class=\"elementor-element elementor-element-c91fdc7 elementor-widget elementor-widget-heading\" data-id=\"c91fdc7\" data-element_type=\"widget\" data-e-type=\"widget\" data-widget_type=\"heading.default\">\n\t\t\t\t<div class=\"elementor-widget-container\">\n\t\t\t\t\t<h3 class=\"elementor-heading-title elementor-size-default\">Min\u0151s\u00e9gtesztel\u00e9si \u00e1ttekint\u0151 t\u00e1bl\u00e1zat<\/h3>\t\t\t\t<\/div>\n\t\t\t\t<\/div>\n\t\t\t\t<div class=\"elementor-element elementor-element-887db28 elementor-widget elementor-widget-text-editor\" data-id=\"887db28\" data-element_type=\"widget\" data-e-type=\"widget\" data-widget_type=\"text-editor.default\">\n\t\t\t\t<div class=\"elementor-widget-container\">\n\t\t\t\t\t\t\t\t\t<table class=\"aligncenter\" style=\"border-collapse: collapse; width: 633.02pt;\" border=\"0\" width=\"844\" cellspacing=\"0\" cellpadding=\"0\"><tbody><tr style=\"height: 13.50pt;\"><td style=\"height: 13.50pt; width: 187.50pt;\" width=\"250\" height=\"18\">Teszt kateg\u00f3ria<\/td><td style=\"width: 195.00pt;\" width=\"260\">C\u00e9l<\/td><td style=\"width: 250.50pt;\" width=\"334\">Relevancia az \u00fcveg vizespalackok nagykereskedelm\u00e9hez<\/td><\/tr><tr style=\"height: 13.50pt;\"><td style=\"height: 13.50pt;\" height=\"18\">Termikus sokk teszt<\/td><td>H\u0151m\u00e9rs\u00e9klet-ellen\u00e1ll\u00e1s m\u00e9r\u00e9se<\/td><td>Megakad\u00e1lyozza a reped\u00e9seket meleg\/hideg haszn\u00e1lat k\u00f6zben<\/td><\/tr><tr style=\"height: 13.50pt;\"><td style=\"height: 13.50pt;\" height=\"18\">\u00dct\u00e9s-\/ejt\u00e9si teszt<\/td><td>Mechanikai tart\u00f3ss\u00e1g \u00e9rt\u00e9kel\u00e9se<\/td><td>Cs\u00f6kkenti a sz\u00e1ll\u00edt\u00e1s k\u00f6zbeni t\u00f6r\u00e9st<\/td><\/tr><tr style=\"height: 13.50pt;\"><td style=\"height: 13.50pt;\" height=\"18\">F\u00fcgg\u0151leges terhel\u00e9steszt<\/td><td>Felm\u00e9ri a halmoz\u00e1si szil\u00e1rds\u00e1got<\/td><td>Biztos\u00edtja a raklapbiztons\u00e1got<\/td><\/tr><tr style=\"height: 13.50pt;\"><td style=\"height: 13.50pt;\" height=\"18\">Neh\u00e9zf\u00e9m-migr\u00e1ci\u00f3s teszt<\/td><td>Meger\u0151s\u00edti az \u00e9lelmiszerbiztons\u00e1gi megfelel\u0151s\u00e9get<\/td><td>Exportpiacokra k\u00f6telez\u0151<\/td><\/tr><tr style=\"height: 13.50pt;\"><td style=\"height: 13.50pt;\" height=\"18\">Optikai tisztas\u00e1g \u00e9s hom\u00e1lyoss\u00e1gvizsg\u00e1lat<\/td><td>\u00c9rt\u00e9keli az \u00e1tl\u00e1that\u00f3s\u00e1g min\u0151s\u00e9g\u00e9t<\/td><td>T\u00e1mogatja a pr\u00e9mium m\u00e1rka\u00e9p\u00edt\u00e9st<\/td><\/tr><tr style=\"height: 13.50pt;\"><td style=\"height: 13.50pt;\" height=\"18\">Tinta tapad\u00e1svizsg\u00e1lat<\/td><td>A dekor\u00e1ci\u00f3 tart\u00f3ss\u00e1g\u00e1nak ellen\u0151rz\u00e9se<\/td><td>Meg\u0151rzi a m\u00e1rkaim\u00e1zst<\/td><\/tr><\/tbody><\/table>\t\t\t\t\t\t\t\t<\/div>\n\t\t\t\t<\/div>\n\t\t\t\t<div class=\"elementor-element elementor-element-d05a8e5 elementor-widget elementor-widget-heading\" data-id=\"d05a8e5\" data-element_type=\"widget\" data-e-type=\"widget\" data-widget_type=\"heading.default\">\n\t\t\t\t<div class=\"elementor-widget-container\">\n\t\t\t\t\t<h2 class=\"elementor-heading-title elementor-size-default\">K\u00f6vetkeztet\u00e9s<\/h2>\t\t\t\t<\/div>\n\t\t\t\t<\/div>\n\t\t\t\t<div class=\"elementor-element elementor-element-0d558e2 elementor-widget elementor-widget-text-editor\" data-id=\"0d558e2\" data-element_type=\"widget\" data-e-type=\"widget\" data-widget_type=\"text-editor.default\">\n\t\t\t\t<div class=\"elementor-widget-container\">\n\t\t\t\t\t\t\t\t\t<p>B\u00e1rmely \u00fcveg vizespalack nagykereskedelmi kezdem\u00e9nyez\u00e9s hat\u00e9konys\u00e1ga az anyagspecifik\u00e1ci\u00f3k szigor\u00fa betart\u00e1s\u00e1n, a gy\u00e1rt\u00e1sellen\u0151rz\u00e9sen, a tart\u00f3ss\u00e1gi teszten, az eszt\u00e9tikai pontoss\u00e1gon, valamint a szab\u00e1lyoz\u00e1si k\u00f6telezetts\u00e9geken m\u00falik. Mivel a fenntarthat\u00f3 \u00fcveg vizespalackok ir\u00e1nti kereslet vil\u00e1gszerte n\u00f6vekszik, a nagykeresked\u0151k k\u00e9nytelenek egy\u00fcttm\u0171k\u00f6dni olyan gy\u00e1rt\u00f3kkal, amelyek k\u00e9pesek egys\u00e9ges min\u0151s\u00e9get biztos\u00edtani a nagy t\u00e9telben t\u00f6rt\u00e9n\u0151 megrendel\u00e9sek ellen\u00e9re. A fejlett ellen\u0151rz\u00e9si rendszerek, az enged\u00e9lyezett gy\u00e1rt\u00e1si technol\u00f3gi\u00e1k \u00e9s a hat\u00e9kony ell\u00e1t\u00e1si l\u00e1nc menedzsment seg\u00edts\u00e9g\u00e9vel az \u00fcveg vizespalackok nagykereskedelm\u00e9nek tapasztalt besz\u00e1ll\u00edt\u00f3i k\u00e9pesek lesznek megb\u00edzhat\u00f3, biztons\u00e1gos \u00e9s piack\u00e9pes \u00fcvegpalackokat biztos\u00edtani, amelyek megfelelnek a kort\u00e1rs m\u00e1rk\u00e1k \u00e9s v\u00e1s\u00e1rl\u00f3k ig\u00e9nyeinek.<\/p>\t\t\t\t\t\t\t\t<\/div>\n\t\t\t\t<\/div>\n\t\t\t\t<\/div>\n\t\t\t\t<\/div>","protected":false},"excerpt":{"rendered":"<p>Megb\u00edzhat\u00f3 ol\u00edvaolaj-palackgy\u00e1rt\u00f3, amely egyedi \u00fcvegpalackokat, nagykereskedelmi sz\u00e1ll\u00edt\u00e1st, stabil min\u0151s\u00e9gellen\u0151rz\u00e9st \u00e9s biztons\u00e1gos csomagol\u00e1si megold\u00e1sokat k\u00edn\u00e1l glob\u00e1lis m\u00e1rk\u00e1k sz\u00e1m\u00e1ra.<\/p>","protected":false},"author":2,"featured_media":25223,"comment_status":"open","ping_status":"open","sticky":false,"template":"","format":"standard","meta":{"_jetpack_memberships_contains_paid_content":false,"footnotes":""},"categories":[1,117],"tags":[],"class_list":["post-25222","post","type-post","status-publish","format-standard","has-post-thumbnail","hentry","category-blogs","category-industry-blog"],"blocksy_meta":[],"jetpack_featured_media_url":"https:\/\/yebodaglass.com\/wp-content\/uploads\/2026\/03\/glass-water-bottles-wholesale-1.webp","jetpack_sharing_enabled":true,"_links":{"self":[{"href":"https:\/\/yebodaglass.com\/hu\/wp-json\/wp\/v2\/posts\/25222","targetHints":{"allow":["GET"]}}],"collection":[{"href":"https:\/\/yebodaglass.com\/hu\/wp-json\/wp\/v2\/posts"}],"about":[{"href":"https:\/\/yebodaglass.com\/hu\/wp-json\/wp\/v2\/types\/post"}],"author":[{"embeddable":true,"href":"https:\/\/yebodaglass.com\/hu\/wp-json\/wp\/v2\/users\/2"}],"replies":[{"embeddable":true,"href":"https:\/\/yebodaglass.com\/hu\/wp-json\/wp\/v2\/comments?post=25222"}],"version-history":[{"count":5,"href":"https:\/\/yebodaglass.com\/hu\/wp-json\/wp\/v2\/posts\/25222\/revisions"}],"predecessor-version":[{"id":25236,"href":"https:\/\/yebodaglass.com\/hu\/wp-json\/wp\/v2\/posts\/25222\/revisions\/25236"}],"wp:featuredmedia":[{"embeddable":true,"href":"https:\/\/yebodaglass.com\/hu\/wp-json\/wp\/v2\/media\/25223"}],"wp:attachment":[{"href":"https:\/\/yebodaglass.com\/hu\/wp-json\/wp\/v2\/media?parent=25222"}],"wp:term":[{"taxonomy":"category","embeddable":true,"href":"https:\/\/yebodaglass.com\/hu\/wp-json\/wp\/v2\/categories?post=25222"},{"taxonomy":"post_tag","embeddable":true,"href":"https:\/\/yebodaglass.com\/hu\/wp-json\/wp\/v2\/tags?post=25222"}],"curies":[{"name":"wp","href":"https:\/\/api.w.org\/{rel}","templated":true}]}}