{"id":24835,"date":"2026-01-16T15:01:36","date_gmt":"2026-01-16T07:01:36","guid":{"rendered":"https:\/\/yebodaglass.com\/?p=24835"},"modified":"2026-01-16T15:20:52","modified_gmt":"2026-01-16T07:20:52","slug":"how-to-choose-a-reliable-glass-milk-bottle-distributor","status":"publish","type":"post","link":"https:\/\/yebodaglass.com\/hu\/how-to-choose-a-reliable-glass-milk-bottle-distributor\/","title":{"rendered":"Hogyan v\u00e1lasszunk megb\u00edzhat\u00f3 \u00fcvegtej-forgalmaz\u00f3t?"},"content":{"rendered":"<div data-elementor-type=\"wp-post\" data-elementor-id=\"24835\" class=\"elementor elementor-24835\" data-elementor-settings=\"{&quot;ha_cmc_init_switcher&quot;:&quot;no&quot;}\" data-elementor-post-type=\"post\">\n\t\t\t\t<div class=\"elementor-element elementor-element-93044e0 e-flex e-con-boxed e-con e-parent\" data-id=\"93044e0\" data-element_type=\"container\" data-e-type=\"container\" data-settings=\"{&quot;_ha_eqh_enable&quot;:false}\">\n\t\t\t\t\t<div class=\"e-con-inner\">\n\t\t\t\t<div class=\"elementor-element elementor-element-2a8845b elementor-widget elementor-widget-heading\" data-id=\"2a8845b\" data-element_type=\"widget\" data-e-type=\"widget\" data-widget_type=\"heading.default\">\n\t\t\t\t<div class=\"elementor-widget-container\">\n\t\t\t\t\t<h2 class=\"elementor-heading-title elementor-size-default\">Bevezet\u00e9s<\/h2>\t\t\t\t<\/div>\n\t\t\t\t<\/div>\n\t\t\t\t\t<\/div>\n\t\t\t\t<\/div>\n\t\t<div class=\"elementor-element elementor-element-bd31720 e-flex e-con-boxed e-con e-parent\" data-id=\"bd31720\" data-element_type=\"container\" data-e-type=\"container\" data-settings=\"{&quot;_ha_eqh_enable&quot;:false}\">\n\t\t\t\t\t<div class=\"e-con-inner\">\n\t\t\t\t<div class=\"elementor-element elementor-element-3fece55 elementor-widget elementor-widget-text-editor\" data-id=\"3fece55\" data-element_type=\"widget\" data-e-type=\"widget\" data-widget_type=\"text-editor.default\">\n\t\t\t\t<div class=\"elementor-widget-container\">\n\t\t\t\t\t\t\t\t\t<article class=\"text-token-text-primary w-full focus:outline-none [--shadow-height:45px] has-data-writing-block:pointer-events-none has-data-writing-block:-mt-(--shadow-height) has-data-writing-block:pt-(--shadow-height) [&amp;:has([data-writing-block])&gt;*]:pointer-events-auto [content-visibility:auto] supports-[content-visibility:auto]:[contain-intrinsic-size:auto_100lvh] scroll-mt-[calc(var(--header-height)+min(200px,max(70px,20svh)))]\" dir=\"auto\" tabindex=\"-1\" data-turn-id=\"9824daad-56b3-4a40-9fe2-1443783f8c2c\" data-testid=\"conversation-turn-278\" data-scroll-anchor=\"true\" data-turn=\"assistant\"><div class=\"text-base my-auto mx-auto pb-10 [--thread-content-margin:--spacing(4)] thread-sm:[--thread-content-margin:--spacing(6)] thread-lg:[--thread-content-margin:--spacing(16)] px-(--thread-content-margin)\"><div class=\"[--thread-content-max-width:40rem] thread-lg:[--thread-content-max-width:48rem] mx-auto max-w-(--thread-content-max-width) flex-1 group\/turn-messages focus-visible:outline-hidden relative flex w-full min-w-0 flex-col agent-turn\" tabindex=\"-1\"><div class=\"flex max-w-full flex-col grow\"><div class=\"min-h-8 text-message relative flex w-full flex-col items-end gap-2 text-start break-words whitespace-normal [.text-message+&amp;]:mt-1\" dir=\"auto\" data-message-author-role=\"assistant\" data-message-id=\"14085c38-c732-477e-8c34-6411816e6d75\" data-message-model-slug=\"gpt-5-mini\"><div class=\"flex w-full flex-col gap-1 empty:hidden first:pt-[1px]\"><div class=\"markdown prose dark:prose-invert w-full break-words light markdown-new-styling\"><p data-start=\"0\" data-end=\"383\" data-is-last-node=\"\" data-is-only-node=\"\">A hagyom\u00e1nyos csomagol\u00e1s vissza\u00e1ll\u00edt\u00e1sa nagyon n\u00e9pszer\u0171v\u00e9 v\u00e1lt a modern tej- \u00e9s italgy\u00e1rt\u00f3 iparban. K\u00fcl\u00f6nb\u00f6z\u0151 m\u00e9ret\u0171 v\u00e1llalatok, bele\u00e9rtve a helyi biogazdas\u00e1gokat \u00e9s a nagy\u00fczemi italgy\u00e1rt\u00f3kat stb., v\u00e1laszthatnak egy megb\u00edzhat\u00f3 forgalmaz\u00f3t... <a href=\"https:\/\/yebodaglass.com\/hu\/glass-milk-bottles\/\">\u00fcveg tejes\u00fcvegek<\/a> egy els\u0151dleges er\u0151fesz\u00edt\u00e9s, amely meghat\u00e1rozza a term\u00e9kek biztons\u00e1goss\u00e1g\u00e1t, a m\u00e1rka meg\u00edt\u00e9l\u00e9s\u00e9t \u00e9s az ell\u00e1t\u00e1si l\u00e1nc hat\u00e9konys\u00e1g\u00e1t. Ez egy r\u00e9szletes \u00fatmutat\u00f3 azokhoz a szempontokhoz, amelyek l\u00e9tfontoss\u00e1g\u00faak egy <a href=\"https:\/\/yebodaglass.com\/hu\/why-yeboda-glass\/\">\u00fcveg tejespalack forgalmaz\u00f3<\/a> amely mag\u00e1ban foglalja a m\u0171szaki k\u00f6vetelm\u00e9nyeket, az anyagtudom\u00e1nyt \u00e9s a logisztikai f\u00f6l\u00e9nyt, amely elengedhetetlen a versenyk\u00e9pes piacon val\u00f3 t\u00fal\u00e9l\u00e9shez.<\/p><\/div><\/div><\/div><\/div><\/div><\/div><\/article>\t\t\t\t\t\t\t\t<\/div>\n\t\t\t\t<\/div>\n\t\t\t\t<div class=\"elementor-element elementor-element-a61f10f elementor-widget elementor-widget-image\" data-id=\"a61f10f\" data-element_type=\"widget\" data-e-type=\"widget\" data-widget_type=\"image.default\">\n\t\t\t\t<div class=\"elementor-widget-container\">\n\t\t\t\t\t\t\t\t\t\t\t\t\t\t\t<img fetchpriority=\"high\" decoding=\"async\" width=\"600\" height=\"450\" src=\"https:\/\/yebodaglass.com\/wp-content\/uploads\/2026\/01\/glass-milk-bottle-distributor-1.webp\" class=\"attachment-full size-full wp-image-24836\" alt=\"\u00fcveg tejespalack forgalmaz\u00f3\" \/>\t\t\t\t\t\t\t\t\t\t\t\t\t\t\t<\/div>\n\t\t\t\t<\/div>\n\t\t\t\t<div class=\"elementor-element elementor-element-0b2ac50 elementor-widget elementor-widget-heading\" data-id=\"0b2ac50\" data-element_type=\"widget\" data-e-type=\"widget\" data-widget_type=\"heading.default\">\n\t\t\t\t<div class=\"elementor-widget-container\">\n\t\t\t\t\t<h2 class=\"elementor-heading-title elementor-size-default\">A megfelel\u0151 \u00fcvegtej-palack forgalmaz\u00f3 fontoss\u00e1g\u00e1nak meg\u00e9rt\u00e9se<\/h2>\t\t\t\t<\/div>\n\t\t\t\t<\/div>\n\t\t\t\t\t<\/div>\n\t\t\t\t<\/div>\n\t\t<div class=\"elementor-element elementor-element-884cf0d e-con-full e-flex e-con e-parent\" data-id=\"884cf0d\" data-element_type=\"container\" data-e-type=\"container\" data-settings=\"{&quot;_ha_eqh_enable&quot;:false}\">\n\t\t\t\t<div class=\"elementor-element elementor-element-21e70d1 elementor-widget elementor-widget-text-editor\" data-id=\"21e70d1\" data-element_type=\"widget\" data-e-type=\"widget\" data-widget_type=\"text-editor.default\">\n\t\t\t\t<div class=\"elementor-widget-container\">\n\t\t\t\t\t\t\t\t\t<p>A csomagol\u00f3partner kiv\u00e1laszt\u00e1sa nagy h\u00faz\u00e1s, \u00e9s a vev\u0151-sz\u00e1ll\u00edt\u00f3 kapcsolat nem egyszer\u0171 v\u00e1s\u00e1rl\u00e1si l\u00e9p\u00e9s, hanem egy olyan partner kiv\u00e1laszt\u00e1s\u00e1nak l\u00e9p\u00e9se, amely val\u00f3sz\u00edn\u0171leg v\u00e9delmet ny\u00fajt a m\u00e1rkaim\u00e1zsnak. B\u00e1rmely professzion\u00e1lis \u00fcveg tejespalack-forgalmaz\u00f3t\u00f3l m\u0171szaki szak\u00e9rtelemre van sz\u00fcks\u00e9g ahhoz, hogy \u00e1tjusson a vil\u00e1gszerte \u00e9rv\u00e9nyes \u00e9lelmiszer-biztons\u00e1gi szabv\u00e1nyok s\u0171r\u0171j\u00e9n, od\u00e1ig, hogy minden tart\u00e1ly mentes legyen a vegyszerekt\u0151l \u00e9s szennyez\u0151d\u00e9sekt\u0151l, bele\u00e9rtve az \u00f3lmot vagy a kadmiumot is. A tej-\/italipar olyan ipar\u00e1g, ahol a term\u00e9k \u00e1tv\u00e9tele \u00e9s elad\u00e1sa k\u00f6z\u00f6tt napokban telik el az id\u0151, \u00e9s ahol a folyamatos k\u00e9szletell\u00e1t\u00e1s megszak\u00edt\u00e1s n\u00e9lk\u00fcl jelenti a k\u00fcl\u00f6nbs\u00e9get a piacvezet\u0151 szerep \u00e9s a szervezet \u00f6sszeoml\u00e1sa k\u00f6z\u00f6tt. A Yeboda kiv\u00e1l\u00f3 \u00fcveg tejespalack-forgalmaz\u00f3, mivel egyens\u00falyoz a nagy volumen\u0171 termel\u00e9s \u00e9s a butikm\u00e1rk\u00e1k ig\u00e9nyei k\u00f6z\u00f6tt. Egyre sz\u00e9lesebb v\u00e1laszt\u00e9kban k\u00edn\u00e1lnak nagy \u00e1tl\u00e1tsz\u00f3s\u00e1g\u00fa \u00fcveg tejespalackokat, amelyek biztos\u00edtj\u00e1k a fels\u0151 kateg\u00f3ri\u00e1s polcokra ker\u00fcl\u00e9shez sz\u00fcks\u00e9ges \u201ecsillog\u00e1st\u201d, ugyanakkor megfelelnek a szigor\u00fa \u00e9lelmiszer-\u00e9rintkez\u00e9si biztons\u00e1gi el\u0151\u00edr\u00e1soknak. Egy szakemberrel egy\u00fcttm\u0171k\u00f6dve a v\u00e1llalatok biztosak lehetnek abban, hogy... <a href=\"https:\/\/yebodaglass.com\/hu\/custom-glass-bottles\/\">\u00fcvegpalackok<\/a> kell\u0151en tart\u00f3sak lesznek ahhoz, hogy nagy sebess\u00e9g\u0171 automatiz\u00e1lt t\u00f6lt\u0151soron m\u0171k\u00f6djenek, \u00e9s egy\u00fattal a m\u00e1rka fizikai megnyilv\u00e1nul\u00e1sak\u00e9nt is m\u0171k\u00f6dnek, jelezve min\u0151s\u00e9g\u00fcket \u00e9s fenntarthat\u00f3s\u00e1gukat.<\/p>\t\t\t\t\t\t\t\t<\/div>\n\t\t\t\t<\/div>\n\t\t\t\t<div class=\"elementor-element elementor-element-952257c elementor-widget elementor-widget-heading\" data-id=\"952257c\" data-element_type=\"widget\" data-e-type=\"widget\" data-widget_type=\"heading.default\">\n\t\t\t\t<div class=\"elementor-widget-container\">\n\t\t\t\t\t<h2 class=\"elementor-heading-title elementor-size-default\">\u00c9lelmiszerbiztons\u00e1gi \u00e9s megfelel\u0151s\u00e9gi anyagszabv\u00e1nyok<\/h2>\t\t\t\t<\/div>\n\t\t\t\t<\/div>\n\t\t\t\t<div class=\"elementor-element elementor-element-d358ce6 elementor-widget elementor-widget-text-editor\" data-id=\"d358ce6\" data-element_type=\"widget\" data-e-type=\"widget\" data-widget_type=\"text-editor.default\">\n\t\t\t\t<div class=\"elementor-widget-container\">\n\t\t\t\t\t\t\t\t\t<p>B\u00e1rmely tejipari v\u00e1llalkoz\u00e1s eset\u00e9ben az \u00e9lelmiszerbiztons\u00e1g jelenti az utols\u00f3 v\u00e9delmi vonalat az els\u0151dleges csomagol\u00e1s integrit\u00e1s\u00e1val kapcsolatban. Egy professzion\u00e1lis \u00fcveg tejespalack-forgalmaz\u00f3nak neh\u00e9z feladata annak biztos\u00edt\u00e1sa, hogy minden tart\u00e1lyt steril, nem reakt\u00edv term\u00e9kk\u00f6rnyezetk\u00e9nt haszn\u00e1ljanak. A m\u0171anyag polimerekkel ellent\u00e9tben, amelyek \u00edzfokoz\u00f3dhatnak, vagy ftal\u00e1tok \u00e9s mikrom\u0171anyagok ker\u00fclhetnek a folyad\u00e9kba, az \u00fcveg term\u00e9szet\u00e9n\u00e9l fogva nem por\u00f3zus \u00e9s \u00e1thatolhatatlan. A tej ezen k\u00e9miai stabilit\u00e1sa lehet\u0151v\u00e9 teszi, hogy k\u00e9miai beavatkoz\u00e1s n\u00e9lk\u00fcl meg\u0151rizze eredeti, farmon friss \u00edz\u00e9t, enzimaktivit\u00e1s\u00e1t \u00e9s t\u00e1panyagtartalm\u00e1t.<\/p>\t\t\t\t\t\t\t\t<\/div>\n\t\t\t\t<\/div>\n\t\t\t\t<div class=\"elementor-element elementor-element-e8c7222 elementor-widget elementor-widget-heading\" data-id=\"e8c7222\" data-element_type=\"widget\" data-e-type=\"widget\" data-widget_type=\"heading.default\">\n\t\t\t\t<div class=\"elementor-widget-container\">\n\t\t\t\t\t<h3 class=\"elementor-heading-title elementor-size-default\">Brosilicate vs. Type III Soda-Lime Glass<\/h3>\t\t\t\t<\/div>\n\t\t\t\t<\/div>\n\t\t\t\t<div class=\"elementor-element elementor-element-1ca02b7 elementor-widget elementor-widget-text-editor\" data-id=\"1ca02b7\" data-element_type=\"widget\" data-e-type=\"widget\" data-widget_type=\"text-editor.default\">\n\t\t\t\t<div class=\"elementor-widget-container\">\n\t\t\t\t\t\t\t\t\t<p>A kereskedelmi tejterm\u00e9k-csomagol\u00e1sok t\u00falnyom\u00f3 t\u00f6bbs\u00e9g\u00e9ben a III. t\u00edpus\u00fa n\u00e1trium-m\u00e9sz\u00fcveget haszn\u00e1lj\u00e1k, amely az \u00e9lelmiszer- \u00e9s italbiztons\u00e1g ipar\u00e1gi szabv\u00e1nya. A magas kateg\u00f3ri\u00e1j\u00fa \u00fcveg tejespalackok forgalmaz\u00f3ja biztos\u00edtja, hogy ezt az anyagot \u00fagy \u00e1ll\u00edts\u00e1k el\u0151, hogy az 100%-ban k\u00e9miailag inert legyen, \u00e9s korl\u00e1tlan ideig \u00fajrahasznos\u00edthat\u00f3 legyen szennyez\u0151d\u00e9s n\u00e9lk\u00fcl. Mindazon\u00e1ltal a forgalmaz\u00f3 m\u0171szaki kiv\u00e1l\u00f3s\u00e1g\u00e1t a vizsg\u00e1lati elj\u00e1r\u00e1sok hat\u00e1rozz\u00e1k meg. A kiv\u00e1l\u00f3 min\u0151s\u00e9g\u0171 \u00fcveg tejespalackok forgalmaz\u00f3ja t\u00e9telesen hiteles\u00edtett laborat\u00f3riumi vizsg\u00e1lati eredm\u00e9nyeket sz\u00e1ll\u00edt annak biztos\u00edt\u00e1s\u00e1ra, hogy az \u00fcvegek ne tartalmazzanak neh\u00e9zf\u00e9meket, p\u00e9ld\u00e1ul \u00f3lmot vagy kadmiumot. Ezenk\u00edv\u00fcl gondoskodnak arr\u00f3l, hogy az \u00fcveg szigor\u00fa h\u0151kezel\u00e9si \u00e9s h\u0151sokk-teszten essen \u00e1t. Ez elengedhetetlen, mivel az \u00fcvegnek k\u00e9pesnek kell lennie arra, hogy szerkezeti meghib\u00e1sod\u00e1s vagy mikroreped\u00e9sek n\u00e9lk\u00fcl ellen\u00e1lljon a h\u0151m\u00e9rs\u00e9kletk\u00fcl\u00f6nbs\u00e9gnek (\u00e1ltal\u00e1ban 40 \u00b0C vagy magasabb) az ipari paszt\u0151r\u00f6z\u00e9si folyamatokban, a forr\u00f3 t\u00f6lt\u00e9si folyamatokban vagy a forr\u00f3 h\u0151m\u00e9rs\u00e9klet\u0171 l\u00fagos mos\u00e1si folyamatokban.<\/p>\t\t\t\t\t\t\t\t<\/div>\n\t\t\t\t<\/div>\n\t\t\t\t<div class=\"elementor-element elementor-element-9b79260 elementor-widget elementor-widget-heading\" data-id=\"9b79260\" data-element_type=\"widget\" data-e-type=\"widget\" data-widget_type=\"heading.default\">\n\t\t\t\t<div class=\"elementor-widget-container\">\n\t\t\t\t\t<h3 class=\"elementor-heading-title elementor-size-default\">UV-v\u00e9delem \u00e9s speci\u00e1lis effektusok sz\u00ednez\u00e9se<\/h3>\t\t\t\t<\/div>\n\t\t\t\t<\/div>\n\t\t\t\t<div class=\"elementor-element elementor-element-afa88b9 elementor-widget elementor-widget-text-editor\" data-id=\"afa88b9\" data-element_type=\"widget\" data-e-type=\"widget\" data-widget_type=\"text-editor.default\">\n\t\t\t\t<div class=\"elementor-widget-container\">\n\t\t\t\t\t\t\t\t\t<p>Hab\u00e1r a krist\u00e1lytiszta, \u00e1tl\u00e1tsz\u00f3 poharak a legjobb v\u00e1laszt\u00e1s a tej term\u00e9szetes \u201etejsz\u00ednvonal\u00e1nak\u201d \u00e9s frissess\u00e9g\u00e9nek bemutat\u00e1s\u00e1ra, a f\u00e9ny a tejterm\u00e9kek min\u0151s\u00e9g\u00e9nek csendes gyilkosa. A f\u00e9ny okozta oxid\u00e1ci\u00f3 a riboflavint (B2-vitamin) \u00e9s az A-vitamint a polcokon k\u00e9t \u00f3r\u00e1n bel\u00fcl t\u00f6nkreteheti, ami enyhe \u00edzfokoz\u00f3 hat\u00e1st eredm\u00e9nyezhet.<\/p><p><strong>Egy \u00fcveg tejespalackok t\u00f6bbc\u00e9l\u00fa forgalmaz\u00f3ja strat\u00e9giai megold\u00e1sokat k\u00edn\u00e1l ennek lek\u00fczd\u00e9s\u00e9re:<\/strong><\/p><ul><li><strong>Borosty\u00e1n\u00fcveg:<\/strong> Maxim\u00e1lis UV-v\u00e9delmet ny\u00fajt, ami szinte teljes v\u00e9delmet ny\u00fajt a k\u00e1ros hull\u00e1mhosszakkal szemben, \u00edgy v\u00e9di az ultrapaszt\u0151r\u00f6z\u00f6tt vagy d\u00fas\u00edtott tejterm\u00e9keket.<\/li><li><strong>\u00c1tl\u00e1tszatlan bevonatok \u00e9s UV-g\u00e1tl\u00f3k:<\/strong> Azokban az esetekben, amikor a m\u00e1rka meg k\u00edv\u00e1n \u0151rizni egy adott megjelen\u00e9st, a forgalmaz\u00f3 \u00e9lelmiszerbiztons\u00e1gos szilikonfest\u00e9keket vagy \u00e1rnyalatokat alkalmazhat, amelyek kisz\u0171rik bizonyos f\u00e9nyfrekvenci\u00e1kat an\u00e9lk\u00fcl, hogy elvesz\u00edten\u00e9k az \u00fcvegpalack luxus \u00e9rzet\u00e9t.<\/li><li><strong>Kobalt, z\u00f6ldes \u00e1rnyalatok:<\/strong> Ezek kompromisszumot jelentenek, m\u00e9rs\u00e9kelten k\u00f6nny\u0171 v\u00e9delmet ny\u00fajtanak, m\u00e9gis egyedi m\u00e1rkaim\u00e1zst teremtenek, amely megjelenik a h\u0171t\u00f6tt r\u00e9szlegen.<\/li><\/ul>\t\t\t\t\t\t\t\t<\/div>\n\t\t\t\t<\/div>\n\t\t\t\t<div class=\"elementor-element elementor-element-243eb75 elementor-widget elementor-widget-heading\" data-id=\"243eb75\" data-element_type=\"widget\" data-e-type=\"widget\" data-widget_type=\"heading.default\">\n\t\t\t\t<div class=\"elementor-widget-container\">\n\t\t\t\t\t<h2 class=\"elementor-heading-title elementor-size-default\">Az \u00fcvegtejes palackok forgalmaz\u00f3j\u00e1nak \u00e9rt\u00e9kel\u00e9se a m\u0171k\u00f6d\u00e9si kiv\u00e1l\u00f3s\u00e1gon kereszt\u00fcl<\/h2>\t\t\t\t<\/div>\n\t\t\t\t<\/div>\n\t\t\t\t<div class=\"elementor-element elementor-element-ca65540 elementor-widget elementor-widget-text-editor\" data-id=\"ca65540\" data-element_type=\"widget\" data-e-type=\"widget\" data-widget_type=\"text-editor.default\">\n\t\t\t\t<div class=\"elementor-widget-container\">\n\t\t\t\t\t\t\t\t\t<p>A m\u0171k\u00f6d\u00e9si kiv\u00e1l\u00f3s\u00e1g az, ami megk\u00fcl\u00f6nb\u00f6zteti a k\u00f6z\u00e9pszer\u0171 besz\u00e1ll\u00edt\u00f3t egy vil\u00e1gsz\u00ednvonal\u00fa partnert\u0151l. Ez mag\u00e1ban foglalja a termel\u00e9si kapacit\u00e1suk, a min\u0151s\u00e9gellen\u0151rz\u00e9si int\u00e9zked\u00e9seik \u00e9s a nagy t\u00e9telben sz\u00e1ll\u00edtott term\u00e9kek magas t\u00f6r\u00e9si ar\u00e1ny n\u00e9lk\u00fcli kezel\u00e9s\u00e9re val\u00f3 k\u00e9pess\u00e9g\u00fck vizsg\u00e1lat\u00e1t.<\/p>\t\t\t\t\t\t\t\t<\/div>\n\t\t\t\t<\/div>\n\t\t\t\t<div class=\"elementor-element elementor-element-772eb2a elementor-widget elementor-widget-image\" data-id=\"772eb2a\" data-element_type=\"widget\" data-e-type=\"widget\" data-widget_type=\"image.default\">\n\t\t\t\t<div class=\"elementor-widget-container\">\n\t\t\t\t\t\t\t\t\t\t\t\t\t\t\t<img decoding=\"async\" width=\"600\" height=\"450\" src=\"https:\/\/yebodaglass.com\/wp-content\/uploads\/2026\/01\/glass-milk-bottle-distributor-2.webp\" class=\"attachment-full size-full wp-image-24837\" alt=\"\u00fcveg tejespalack forgalmaz\u00f3\" \/>\t\t\t\t\t\t\t\t\t\t\t\t\t\t\t<\/div>\n\t\t\t\t<\/div>\n\t\t\t\t<div class=\"elementor-element elementor-element-791dc6c elementor-widget elementor-widget-heading\" data-id=\"791dc6c\" data-element_type=\"widget\" data-e-type=\"widget\" data-widget_type=\"heading.default\">\n\t\t\t\t<div class=\"elementor-widget-container\">\n\t\t\t\t\t<h3 class=\"elementor-heading-title elementor-size-default\">Min\u0151s\u00e9gellen\u0151rz\u00e9si \u00e9s vizsg\u00e1lati mutat\u00f3k<\/h3>\t\t\t\t<\/div>\n\t\t\t\t<\/div>\n\t\t\t\t<div class=\"elementor-element elementor-element-93269be elementor-widget elementor-widget-text-editor\" data-id=\"93269be\" data-element_type=\"widget\" data-e-type=\"widget\" data-widget_type=\"text-editor.default\">\n\t\t\t\t<div class=\"elementor-widget-container\">\n\t\t\t\t\t\t\t\t\t<p>Az \u00fcveg tejpalackok min\u0151s\u00e9gi forgalmaz\u00f3j\u00e1nak dokument\u00e1ci\u00f3val kell rendelkeznie a min\u0151s\u00e9gbiztos\u00edt\u00e1si (QA) elj\u00e1r\u00e1sair\u00f3l. Ez mag\u00e1ban foglalja:<\/p><ul><li><strong>Dimensional Consistency:<\/strong> A nyak kidolgoz\u00e1sa t\u00f6k\u00e9letesen megfelel a kupak specifik\u00e1ci\u00f3inak, \u00edgy nem sziv\u00e1rog.<\/li><li><strong>F\u00fcgg\u0151leges teherb\u00edr\u00e1s:<\/strong> Ezzel tesztelik, hogy mekkora nyom\u00e1st b\u00edr ki a palack, amikor raklapokra halmozz\u00e1k.<\/li><li><strong>Fel\u00fcletbevonat:<\/strong> Bevonatok haszn\u00e1lata a fel\u00fcleten a s\u00farl\u00f3d\u00e1s \u00e9s a karcol\u00f3d\u00e1s minimaliz\u00e1l\u00e1sa \u00e9rdek\u00e9ben nagy sebess\u00e9g\u0171 t\u00f6lt\u0151sorokon, bele\u00e9rtve az \u00fagynevezett meleg- \u00e9s hidegv\u00e9g haszn\u00e1lat\u00e1t.<\/li><\/ul>\t\t\t\t\t\t\t\t<\/div>\n\t\t\t\t<\/div>\n\t\t\t\t<div class=\"elementor-element elementor-element-01b4312 elementor-widget elementor-widget-heading\" data-id=\"01b4312\" data-element_type=\"widget\" data-e-type=\"widget\" data-widget_type=\"heading.default\">\n\t\t\t\t<div class=\"elementor-widget-container\">\n\t\t\t\t\t<h3 class=\"elementor-heading-title elementor-size-default\">Az eloszt\u00e1si k\u00e9pess\u00e9gek \u00f6sszehasonl\u00edt\u00e1sa<\/h3>\t\t\t\t<\/div>\n\t\t\t\t<\/div>\n\t\t\t\t<div class=\"elementor-element elementor-element-e88a6b6 elementor-widget elementor-widget-text-editor\" data-id=\"e88a6b6\" data-element_type=\"widget\" data-e-type=\"widget\" data-widget_type=\"text-editor.default\">\n\t\t\t\t<div class=\"elementor-widget-container\">\n\t\t\t\t\t\t\t\t\t<table class=\"aligncenter\" style=\"border-collapse: collapse; width: 512.27pt;\" border=\"0\" width=\"683\" cellspacing=\"0\" cellpadding=\"0\"><tbody><tr style=\"height: 13.50pt;\"><td style=\"height: 13.50pt; width: 106.50pt;\" width=\"142\" height=\"18\">Jellemz\u0151<\/td><td style=\"width: 150.75pt;\" width=\"201\">Standard forgalmaz\u00f3<\/td><td style=\"width: 255.00pt;\" width=\"340\">Professzion\u00e1lis \u00fcvegtejpalack-forgalmaz\u00f3<\/td><\/tr><tr style=\"height: 13.50pt;\"><td style=\"height: 13.50pt;\" height=\"18\">Anyag eredete<\/td><td>Gyakran ellen\u0151rizetlen<\/td><td>\u00c9lelmiszeripari min\u0151s\u00e9g\u0171\/\u00f3lommentes<\/td><\/tr><tr style=\"height: 13.50pt;\"><td style=\"height: 13.50pt;\" height=\"18\">Testreszab\u00e1s<\/td><td>Csak rakt\u00e1ron l\u00e9v\u0151 term\u00e9kek<\/td><td>Egyedi form\u00e1k, dombornyom\u00e1s, nyomtat\u00e1s<\/td><\/tr><tr style=\"height: 13.50pt;\"><td style=\"height: 13.50pt;\" height=\"18\">Ell\u00e1t\u00e1si rugalmass\u00e1g<\/td><td>Hi\u00e1nyra hajlamos<\/td><td>T\u00f6bb r\u00e9gi\u00f3b\u00f3l sz\u00e1rmaz\u00f3 beszerz\u00e9s \u00e9s pufferk\u00e9szlet<\/td><\/tr><tr style=\"height: 13.50pt;\"><td style=\"height: 13.50pt;\" height=\"18\">Logisztika<\/td><td>Norm\u00e1l sz\u00e1ll\u00edt\u00e1s<\/td><td>Speci\u00e1lis t\u00f6r\u00e9keny \u00e1ruk kezel\u00e9se<\/td><\/tr><tr style=\"height: 13.50pt;\"><td style=\"height: 13.50pt;\" height=\"18\">Fenntarthat\u00f3s\u00e1g<\/td><td>Korl\u00e1tozott lehet\u0151s\u00e9gek<\/td><td>Magas \u00fcvegsz\u00e1las (\u00fajrahasznos\u00edtott) tartalom opci\u00f3k<\/td><\/tr><\/tbody><\/table>\t\t\t\t\t\t\t\t<\/div>\n\t\t\t\t<\/div>\n\t\t\t\t<div class=\"elementor-element elementor-element-e3471fc elementor-widget elementor-widget-heading\" data-id=\"e3471fc\" data-element_type=\"widget\" data-e-type=\"widget\" data-widget_type=\"heading.default\">\n\t\t\t\t<div class=\"elementor-widget-container\">\n\t\t\t\t\t<h2 class=\"elementor-heading-title elementor-size-default\">M\u00e1rkadifferenci\u00e1l\u00e1si \u00e9s testreszab\u00e1si szolg\u00e1ltat\u00e1sok<\/h2>\t\t\t\t<\/div>\n\t\t\t\t<\/div>\n\t\t\t\t<div class=\"elementor-element elementor-element-e8b0499 elementor-widget elementor-widget-text-editor\" data-id=\"e8b0499\" data-element_type=\"widget\" data-e-type=\"widget\" data-widget_type=\"text-editor.default\">\n\t\t\t\t<div class=\"elementor-widget-container\">\n\t\t\t\t\t\t\t\t\t<p>A palack form\u00e1ja az els\u0151 fizikai interakci\u00f3, amelyet a fogyaszt\u00f3 egy term\u00e9kkel v\u00e9gez egy tel\u00edtett piacon \u2013 egy csendes \u00fcgyn\u00f6k, akinek m\u00e9g csak meg sem kell pr\u00f3b\u00e1lnia a term\u00e9ket ahhoz, hogy a min\u0151s\u00e9get k\u00f6zvet\u00edtse, miel\u0151tt elfogyasztan\u00e1. Egy \u00fcveg tejespalackokra szakosodott forgalmaz\u00f3 hozz\u00e1adott \u00e9rt\u00e9k\u0171 szolg\u00e1ltat\u00e1sokat ny\u00fajt, amelyek a hagyom\u00e1nyos \u00fcvegtart\u00e1lyokat ikonikus m\u00e1rkajelleg\u0171 term\u00e9kekk\u00e9 var\u00e1zsolj\u00e1k az \u00fcveg fizikai tulajdons\u00e1gait felhaszn\u00e1lva, mint multiszenzoros m\u00e1rka\u00e9lm\u00e9nyt.<\/p>\t\t\t\t\t\t\t\t<\/div>\n\t\t\t\t<\/div>\n\t\t\t\t<div class=\"elementor-element elementor-element-e023db8 elementor-widget elementor-widget-heading\" data-id=\"e023db8\" data-element_type=\"widget\" data-e-type=\"widget\" data-widget_type=\"heading.default\">\n\t\t\t\t<div class=\"elementor-widget-container\">\n\t\t\t\t\t<h3 class=\"elementor-heading-title elementor-size-default\">Form\u00e1z\u00e1s \u00e9s dombornyom\u00e1s V\u00e1m: Tactile Engineering<\/h3>\t\t\t\t<\/div>\n\t\t\t\t<\/div>\n\t\t\t\t<div class=\"elementor-element elementor-element-943f28a elementor-widget elementor-widget-text-editor\" data-id=\"943f28a\" data-element_type=\"widget\" data-e-type=\"widget\" data-widget_type=\"text-editor.default\">\n\t\t\t\t<div class=\"elementor-widget-container\">\n\t\t\t\t\t\t\t\t\t<p>A tipikus kerek vagy sz\u00f6gletes form\u00e1k mellett az egyik legismertebb \u00fcveg tejespalack-forgalmaz\u00f3 teljes k\u00f6r\u0171 tervez\u00e9si szolg\u00e1ltat\u00e1sokat k\u00edn\u00e1l, bele\u00e9rtve a CAD-rajzokat eg\u00e9szen a t\u00e9nyleges protot\u00edpus elk\u00e9sz\u00edt\u00e9s\u00e9ig. A m\u00e1rkaspecifikus form\u00e1k lehet\u0151v\u00e9 teszik a m\u00e1rk\u00e1k sz\u00e1m\u00e1ra, hogy elhagyj\u00e1k az \u00e1ltal\u00e1nos csomagol\u00e1st, amely a felhaszn\u00e1l\u00f3 kez\u00e9ben form\u00e1t \u00f6lt, vagy a vintage ihlet\u00e9s\u0171 diz\u00e1jnt, amely a felhaszn\u00e1l\u00f3t egy friss, farmon k\u00e9sz\u00fclt \u00f6r\u00f6ks\u00e9gre eml\u00e9kezteti. A log\u00f3 vagy egy jellegzetes minta dombornyom\u00e1sa mag\u00e1ra az \u00fcvegre egy magas sz\u00ednvonal\u00fa tapint\u00e1si \u00e9lm\u00e9ny, amely er\u0151s\u00edti a m\u00e1rka tekint\u00e9ly\u00e9t. Az \u00fcveg dombornyom\u00e1sa tart\u00f3s \u00e9s kontrasztos, ellent\u00e9tben a m\u0171anyag c\u00edmk\u00e9kkel, amelyek lev\u00e1lhatnak vagy elhalv\u00e1nyulhatnak, \u00e9s a palackot meg\u0151rizhetik. Ez az \u00e9rz\u00e9kelt \u00e9rt\u00e9k arra \u00f6szt\u00f6nzi a fogyaszt\u00f3kat, hogy \u00fajra haszn\u00e1lj\u00e1k az \u00fcveget otthon, \u00e9s \u00edgy a csomagol\u00e1st \u00e1lland\u00f3 marketingeszk\u00f6zz\u00e9 alak\u00edts\u00e1k a fogyaszt\u00f3 konyh\u00e1j\u00e1ban.<\/p>\t\t\t\t\t\t\t\t<\/div>\n\t\t\t\t<\/div>\n\t\t\t\t<div class=\"elementor-element elementor-element-b885b75 elementor-widget elementor-widget-heading\" data-id=\"b885b75\" data-element_type=\"widget\" data-e-type=\"widget\" data-widget_type=\"heading.default\">\n\t\t\t\t<div class=\"elementor-widget-container\">\n\t\t\t\t\t<h3 class=\"elementor-heading-title elementor-size-default\">Integr\u00e1lt z\u00e1r\u00f3rendszerek \u00e9s funkcionalit\u00e1st seg\u00edt\u0151 eszk\u00f6z\u00f6k<\/h3>\t\t\t\t<\/div>\n\t\t\t\t<\/div>\n\t\t\t\t<div class=\"elementor-element elementor-element-5fc7e9f elementor-widget elementor-widget-text-editor\" data-id=\"5fc7e9f\" data-element_type=\"widget\" data-e-type=\"widget\" data-widget_type=\"text-editor.default\">\n\t\t\t\t<div class=\"elementor-widget-container\">\n\t\t\t\t\t\t\t\t\t<p>Maga a z\u00e1r\u00e1s k\u00fcl\u00f6n\u00f6sen fontos \u00e9s funkcion\u00e1lis a h\u0171t\u00e9si l\u00e1nc integrit\u00e1s\u00e1nak meg\u0151rz\u00e9se \u00e9rdek\u00e9ben. Az \u00fcveg tejespalackok professzion\u00e1lis forgalmaz\u00f3j\u00e1nak komplex lez\u00e1r\u00e1si megold\u00e1sokat kell k\u00edn\u00e1lnia egy helyen:<\/p><ul><li><strong>Hermetikus t\u00f6m\u00edt\u00e9sek:<\/strong> Szilikon bevonat\u00fa f\u00e9m csavaros kupakok, vagy BPA-mentes m\u0171anyag csavaros kupakok biztos\u00edtj\u00e1k a nulla oxig\u00e9n behatol\u00e1st, \u00edgy a friss tejterm\u00e9kek eltarthat\u00f3s\u00e1g\u00e1t.<\/li><li><strong>Hamis\u00edt\u00e1s bizony\u00edt\u00e9ka:<\/strong> Indukci\u00f3s f\u00f3liaz\u00e1r\u00e1sok vagy zsugorf\u00f3li\u00e1k be\u00e9p\u00edt\u00e9se a fogyaszt\u00f3k biztons\u00e1g\u00e1nak \u00e9s a term\u00e9k tisztas\u00e1g\u00e1nak biztos\u00edt\u00e1sa \u00e9rdek\u00e9ben.<\/li><li><strong>T\u00f6bbc\u00e9l\u00fa adagol\u00e1s:<\/strong> Speci\u00e1lis tet\u0151, pl. r\u00e1z\u00f3fed\u00e9l az infuz\u00e1lt tejekhez, vagy pattinthat\u00f3 tetej\u0171 porcel\u00e1n palackok, amelyek m\u0171v\u00e9szi \u00e9s divatos megjelen\u00e9st k\u00f6lcs\u00f6n\u00f6znek neki. Az ilyen m\u0171szaki kompatibilit\u00e1st \u00fagy fejlesztett\u00e9k ki, hogy a palack m\u00e1s tejterm\u00e9k- \u00e9s nem tejterm\u00e9k-csal\u00e1dokban is haszn\u00e1lhat\u00f3 legyen.<\/li><\/ul>\t\t\t\t\t\t\t\t<\/div>\n\t\t\t\t<\/div>\n\t\t\t\t<div class=\"elementor-element elementor-element-b0d0460 elementor-widget elementor-widget-heading\" data-id=\"b0d0460\" data-element_type=\"widget\" data-e-type=\"widget\" data-widget_type=\"heading.default\">\n\t\t\t\t<div class=\"elementor-widget-container\">\n\t\t\t\t\t<h2 class=\"elementor-heading-title elementor-size-default\">Glob\u00e1lis logisztika \u00e9s ell\u00e1t\u00e1si l\u00e1nc ellen\u00e1ll\u00f3 k\u00e9pess\u00e9ge<\/h2>\t\t\t\t<\/div>\n\t\t\t\t<\/div>\n\t\t\t\t<div class=\"elementor-element elementor-element-5136a20 elementor-widget elementor-widget-text-editor\" data-id=\"5136a20\" data-element_type=\"widget\" data-e-type=\"widget\" data-widget_type=\"text-editor.default\">\n\t\t\t\t<div class=\"elementor-widget-container\">\n\t\t\t\t\t\t\t\t\t<p>A tejterm\u00e9kiparban jelent\u0151s fenyeget\u00e9st jelent a k\u00e9szlethi\u00e1ny, amelyben a csomagol\u00e1s sz\u00e1ll\u00edt\u00e1s\u00e1nak k\u00e9sedelme miatt a dr\u00e1ga gy\u00e1rt\u00f3sorok nagy sebess\u00e9ggel le\u00e1llnak. Ezeket a m\u0171k\u00f6d\u00e9si kock\u00e1zatokat egy megb\u00edzhat\u00f3 \u00fcvegtejes palack forgalmaz\u00f3ja cs\u00f6kkentheti az ell\u00e1t\u00e1si l\u00e1nc menedzsmentj\u00e9nek m\u00e9lys\u00e9gi v\u00e9dekez\u00e9si megk\u00f6zel\u00edt\u00e9s\u00e9vel.<\/p>\t\t\t\t\t\t\t\t<\/div>\n\t\t\t\t<\/div>\n\t\t\t\t<div class=\"elementor-element elementor-element-9a8718a elementor-widget elementor-widget-heading\" data-id=\"9a8718a\" data-element_type=\"widget\" data-e-type=\"widget\" data-widget_type=\"heading.default\">\n\t\t\t\t<div class=\"elementor-widget-container\">\n\t\t\t\t\t<h3 class=\"elementor-heading-title elementor-size-default\">F\u00f6ldrajzi soksz\u00edn\u0171s\u00e9g \u00e9s strat\u00e9giai pufferrakt\u00e1roz\u00e1s<\/h3>\t\t\t\t<\/div>\n\t\t\t\t<\/div>\n\t\t\t\t<div class=\"elementor-element elementor-element-2e5aa49 elementor-widget elementor-widget-text-editor\" data-id=\"2e5aa49\" data-element_type=\"widget\" data-e-type=\"widget\" data-widget_type=\"text-editor.default\">\n\t\t\t\t<div class=\"elementor-widget-container\">\n\t\t\t\t\t\t\t\t\t<p>Ha m\u00e1r err\u0151l besz\u00e9l\u00fcnk, az \u00fcveg tejespalackok forgalmaz\u00f3ja, amely k\u00fcl\u00f6nb\u00f6z\u0151 kontinenseken tal\u00e1lhat\u00f3 gy\u00e1rt\u00f3k\u00f6zpontokb\u00f3l szerzi be term\u00e9keit, biztos\u00edtja, hogy helyi zavar\u00f3 t\u00e9nyez\u0151k, \u00e1ramsz\u00fcnet, sztr\u00e1jk vagy az adott ter\u00fcleten fell\u00e9p\u0151 sz\u00e1ll\u00edt\u00e1si probl\u00e9m\u00e1k eset\u00e9n a vil\u00e1gm\u00e9ret\u0171 ell\u00e1t\u00e1s ne legyen \u00e9rintve.<\/p><ul><li><strong>JIT Kiv\u00e1l\u00f3s\u00e1g a Teljes\u00edt\u00e9sben:<\/strong> A just-in-time (JIT) gy\u00e1rt\u00e1s megk\u00f6nny\u00edt\u00e9se \u00e9rdek\u00e9ben a legnagyobb forgalmaz\u00f3k strat\u00e9giai region\u00e1lis rakt\u00e1rakkal rendelkeznek a nagy tejtermel\u0151 \u00f6vezetek k\u00f6zel\u00e9ben.<\/li><li><strong>Kock\u00e1zatfedezet:<\/strong> A biztons\u00e1gi k\u00e9szletek dinamik\u00e1j\u00e1val foglalkoznak, \u00e9s az \u00fcgyf\u00e9l nev\u00e9ben 3-6 h\u00f3napra elegend\u0151 k\u00e9szletet tartanak fenn, hogy tomp\u00edt\u00f3k\u00e9nt szolg\u00e1ljanak a v\u00e1ratlan piaci ingadoz\u00e1sok vagy a szezon\u00e1lis keresletn\u00f6veked\u00e9sek ellen.<\/li><\/ul>\t\t\t\t\t\t\t\t<\/div>\n\t\t\t\t<\/div>\n\t\t\t\t<div class=\"elementor-element elementor-element-919ba0a elementor-widget elementor-widget-heading\" data-id=\"919ba0a\" data-element_type=\"widget\" data-e-type=\"widget\" data-widget_type=\"heading.default\">\n\t\t\t\t<div class=\"elementor-widget-container\">\n\t\t\t\t\t<h3 class=\"elementor-heading-title elementor-size-default\">Fenntarthat\u00f3 sz\u00e1ll\u00edt\u00e1s \u00e9s fejlett k\u00f6nny\u0171szerkezetes sz\u00e1ll\u00edt\u00e1s<\/h3>\t\t\t\t<\/div>\n\t\t\t\t<\/div>\n\t\t\t\t<div class=\"elementor-element elementor-element-ac77a59 elementor-widget elementor-widget-text-editor\" data-id=\"ac77a59\" data-element_type=\"widget\" data-e-type=\"widget\" data-widget_type=\"text-editor.default\">\n\t\t\t\t<div class=\"elementor-widget-container\">\n\t\t\t\t\t\t\t\t\t<p>Az \u00fcveg s\u00falya teherk\u00e9nt nehezedik a logisztikai k\u00f6lts\u00e9gekre \u00e9s a sz\u00e9nl\u00e1bnyomra. Mindazon\u00e1ltal a jelenlegi, k\u00f6rnyezetbar\u00e1t szeml\u00e9let\u0171 \u00fcveg tejespalack-forgalmaz\u00f3 az NNPB (Narrow Neck Press-and-Blow) elj\u00e1r\u00e1st alkalmazza. Ez az \u00fcveggy\u00e1rt\u00e1s egy tov\u00e1bbfejlesztett m\u00f3dja, amely az \u00fcveg jobb eloszl\u00e1s\u00e1t \u00e9s ak\u00e1r 30 sz\u00e1zal\u00e9kkal kisebb s\u00falyt eredm\u00e9nyez a palackokban, \u00e9s nincs hat\u00e1ssal a bels\u0151 nyom\u00e1s\u00e1ll\u00f3s\u00e1gra vagy a f\u00fcgg\u0151leges teherb\u00edr\u00e1sra. Ezenk\u00edv\u00fcl a logisztika optimaliz\u00e1l\u00e1sa, bele\u00e9rtve a mesters\u00e9ges intelligencia alap\u00fa palett\u00e1z\u00e1st \u00e9s a k\u00f6rnyezetbar\u00e1t hull\u00e1mkarton haszn\u00e1lat\u00e1t, optimaliz\u00e1lja a kont\u00e9nerek helykihaszn\u00e1l\u00e1s\u00e1t \u00e9s minimaliz\u00e1lja a t\u00f6r\u00e9si ar\u00e1nyt. Ezekkel az innov\u00e1ci\u00f3kkal a m\u00e1rka k\u00e9pes kihaszn\u00e1lni az \u00fcveg pr\u00e9mium min\u0151s\u00e9g\u00e9t, \u00e9s jelent\u0151sen cs\u00f6kkenteni a 3. k\u00f6rbe tartoz\u00f3 sz\u00e9n-dioxid-kibocs\u00e1t\u00e1s\u00e1t.<\/p>\t\t\t\t\t\t\t\t<\/div>\n\t\t\t\t<\/div>\n\t\t\t\t<div class=\"elementor-element elementor-element-6f6c68d elementor-widget elementor-widget-image\" data-id=\"6f6c68d\" data-element_type=\"widget\" data-e-type=\"widget\" data-widget_type=\"image.default\">\n\t\t\t\t<div class=\"elementor-widget-container\">\n\t\t\t\t\t\t\t\t\t\t\t\t\t\t\t<img decoding=\"async\" width=\"600\" height=\"450\" src=\"https:\/\/yebodaglass.com\/wp-content\/uploads\/2026\/01\/glass-milk-bottle-distributor.webp\" class=\"attachment-full size-full wp-image-24838\" alt=\"\u00fcveg tejespalack forgalmaz\u00f3\" \/>\t\t\t\t\t\t\t\t\t\t\t\t\t\t\t<\/div>\n\t\t\t\t<\/div>\n\t\t\t\t<div class=\"elementor-element elementor-element-90ab77f elementor-widget elementor-widget-heading\" data-id=\"90ab77f\" data-element_type=\"widget\" data-e-type=\"widget\" data-widget_type=\"heading.default\">\n\t\t\t\t<div class=\"elementor-widget-container\">\n\t\t\t\t\t<h3 class=\"elementor-heading-title elementor-size-default\">Forgalmaz\u00f3i Kiv\u00e1l\u00f3s\u00e1g Integr\u00e1lt \u00d6sszefoglal\u00f3ja<\/h3>\t\t\t\t<\/div>\n\t\t\t\t<\/div>\n\t\t\t\t<div class=\"elementor-element elementor-element-8b21b9f elementor-widget elementor-widget-text-editor\" data-id=\"8b21b9f\" data-element_type=\"widget\" data-e-type=\"widget\" data-widget_type=\"text-editor.default\">\n\t\t\t\t<div class=\"elementor-widget-container\">\n\t\t\t\t\t\t\t\t\t<p>\u00d6sszess\u00e9g\u00e9ben egy \u00e1tlagos elad\u00f3b\u00f3l \u00fcveg tejespalackok komplex forgalmaz\u00f3j\u00e1v\u00e1 val\u00f3 strat\u00e9giai megk\u00f6zel\u00edt\u00e9s\u0171 \u00e1talak\u00edt\u00e1s az anyagtudom\u00e1ny, az eszt\u00e9tikai jellemz\u0151k testreszab\u00e1sa \u00e9s a logisztikai er\u0151 szint\u00e9zise. Megjegyezt\u00fck, hogy az ide\u00e1lis \u00fcveg tejespalack-forgalmaz\u00f3nak nemcsak a szigor\u00fa biztons\u00e1gi el\u0151\u00edr\u00e1soknak megfelel\u0151 min\u0151s\u00e9gi \u00fcveg tejespalackokat kell sz\u00e1ll\u00edtania, hanem m\u0171k\u00f6d\u00e9si rugalmass\u00e1ggal is kell rendelkeznie ahhoz, hogy reag\u00e1lni tudjon a glob\u00e1lis ell\u00e1t\u00e1si l\u00e1ncok v\u00e1ltoz\u00e1saira. Egy kiv\u00e1l\u00f3 min\u0151s\u00e9g\u0171 tejespalack-forgalmaz\u00f3 lehet\u0151v\u00e9 teszi a tejterm\u00e9km\u00e1rk\u00e1k sz\u00e1m\u00e1ra, hogy poz\u00edci\u00f3ikat er\u0151s\u00edts\u00e9k az\u00e1ltal, hogy a kifinomult min\u0151s\u00e9gellen\u0151rz\u00e9si m\u00f3dszerek sorozat\u00e1t \u2013 bele\u00e9rtve a nagysebess\u00e9g\u0171 kamer\u00e1s ellen\u0151rz\u00e9seket \u00e9s a h\u0151sokk-teszteket \u2013 \u00f6tv\u00f6zi a m\u00e1rka\u00e9p\u00edt\u00e9s rugalmass\u00e1g\u00e1val, bele\u00e9rtve a dombornyom\u00e1st \u00e9s a szitanyom\u00e1st. A logikus k\u00f6vetkeztet\u00e9s az, hogy egy megb\u00edzhat\u00f3 \u00fcveg tejespalack-forgalmaz\u00f3 \u00e9s egy progressz\u00edv tejterm\u00e9kgy\u00e1rt\u00f3 a min\u0151s\u00e9g, a biztons\u00e1g \u00e9s a fogyaszt\u00f3i bizalom ciklus\u00e1ban kapcsol\u00f3dik \u00f6ssze, ami a hossz\u00fa t\u00e1v\u00fa kereskedelmi siker kulcsa az \u00fcvegpalackok versenyk\u00e9pes piac\u00e1n.<\/p>\t\t\t\t\t\t\t\t<\/div>\n\t\t\t\t<\/div>\n\t\t\t\t<div class=\"elementor-element elementor-element-e876a09 elementor-widget elementor-widget-heading\" data-id=\"e876a09\" data-element_type=\"widget\" data-e-type=\"widget\" data-widget_type=\"heading.default\">\n\t\t\t\t<div class=\"elementor-widget-container\">\n\t\t\t\t\t<h2 class=\"elementor-heading-title elementor-size-default\">Konkl\u00fazi\u00f3: hossz\u00fa t\u00e1v\u00fa strat\u00e9giai partners\u00e9g kialak\u00edt\u00e1sa<\/h2>\t\t\t\t<\/div>\n\t\t\t\t<\/div>\n\t\t\t\t<div class=\"elementor-element elementor-element-646dc69 elementor-widget elementor-widget-text-editor\" data-id=\"646dc69\" data-element_type=\"widget\" data-e-type=\"widget\" data-widget_type=\"text-editor.default\">\n\t\t\t\t<div class=\"elementor-widget-container\">\n\t\t\t\t\t\t\t\t\t<p>Az \u00fcvegb\u0151l k\u00e9sz\u00fclt tejespalack-forgalmaz\u00f3 kiv\u00e1laszt\u00e1sa az egyik legfontosabb \u00fczleti d\u00f6nt\u00e9s, amely befoly\u00e1solja v\u00e1llalkoz\u00e1sa minden aspektus\u00e1t, bele\u00e9rtve a v\u00e9gfelhaszn\u00e1l\u00f3 eg\u00e9szs\u00e9g\u00e9t \u00e9s a logisztikai csapat profitmarzs\u00e1t is. M\u00e1r nem csup\u00e1n egy tart\u00e1ly megv\u00e1s\u00e1rl\u00e1s\u00e1r\u00f3l van sz\u00f3, hanem egy olyan partnerr\u0151l, aki az \u00e9lelmiszertudom\u00e1ny, a m\u00e1rkapszichol\u00f3gia \u00e9s a glob\u00e1lis kereskedelem \u00e1tfed\u00e9s\u00e9t \u00e9lvezi. Az anyagtisztas\u00e1gra, a magas szint\u0171 testreszabhat\u00f3s\u00e1gra \u00e9s a rugalmas, technol\u00f3giavez\u00e9relt ell\u00e1t\u00e1si l\u00e1ncra helyezett hangs\u00falynak k\u00f6sz\u00f6nhet\u0151en olyan partnert tal\u00e1lhat, amely k\u00e9pes a m\u00e1rk\u00e1j\u00e1val egy\u00fctt n\u00f6vekedni. Ahogy a vil\u00e1g a m\u0171anyagellenes mozgalom fel\u00e9 halad, egyre nagyobb lend\u00fcletet vesz, \u00e9s egyre t\u00f6bb fogyaszt\u00f3 k\u00e9r z\u00f6ldebb \u00e9s az \u00fagynevezett k\u00f6rforg\u00e1sos gazdas\u00e1ghoz jobban illeszked\u0151 csomagol\u00e1st, a min\u0151s\u00e9gi \u00fcveg tejespalack-forgalmaz\u00f3 szerepe m\u00e9g fontosabb\u00e1 v\u00e1lhat. Biztos\u00edtj\u00e1k, hogy a term\u00e9k friss, biztons\u00e1gos \u00e9s sz\u00e9p, \u00e9s a m\u00e1rk\u00e1ja a fenntarthat\u00f3s\u00e1g v\u00e9djegye legyen a kiskereskedelmi polcokon.<\/p>\t\t\t\t\t\t\t\t<\/div>\n\t\t\t\t<\/div>\n\t\t\t\t<\/div>\n\t\t\t\t<\/div>","protected":false},"excerpt":{"rendered":"<p>A megfelel\u0151 \u00fcvegtejpalack-forgalmaz\u00f3 megtal\u00e1l\u00e1sa l\u00e9tfontoss\u00e1g\u00fa a m\u00e1rk\u00e1d sz\u00e1m\u00e1ra. Fedezz fel tippeket a min\u0151s\u00e9gellen\u0151rz\u00e9sr\u0151l, az egyedi \u00fcvegpalackokr\u00f3l \u00e9s az ell\u00e1t\u00e1si l\u00e1nc rugalmass\u00e1g\u00e1r\u00f3l.<\/p>","protected":false},"author":2,"featured_media":24836,"comment_status":"open","ping_status":"open","sticky":false,"template":"","format":"standard","meta":{"_jetpack_memberships_contains_paid_content":false,"footnotes":""},"categories":[1,117],"tags":[],"class_list":["post-24835","post","type-post","status-publish","format-standard","has-post-thumbnail","hentry","category-blogs","category-industry-blog"],"blocksy_meta":[],"jetpack_featured_media_url":"https:\/\/yebodaglass.com\/wp-content\/uploads\/2026\/01\/glass-milk-bottle-distributor-1.webp","jetpack_sharing_enabled":true,"_links":{"self":[{"href":"https:\/\/yebodaglass.com\/hu\/wp-json\/wp\/v2\/posts\/24835","targetHints":{"allow":["GET"]}}],"collection":[{"href":"https:\/\/yebodaglass.com\/hu\/wp-json\/wp\/v2\/posts"}],"about":[{"href":"https:\/\/yebodaglass.com\/hu\/wp-json\/wp\/v2\/types\/post"}],"author":[{"embeddable":true,"href":"https:\/\/yebodaglass.com\/hu\/wp-json\/wp\/v2\/users\/2"}],"replies":[{"embeddable":true,"href":"https:\/\/yebodaglass.com\/hu\/wp-json\/wp\/v2\/comments?post=24835"}],"version-history":[{"count":5,"href":"https:\/\/yebodaglass.com\/hu\/wp-json\/wp\/v2\/posts\/24835\/revisions"}],"predecessor-version":[{"id":24848,"href":"https:\/\/yebodaglass.com\/hu\/wp-json\/wp\/v2\/posts\/24835\/revisions\/24848"}],"wp:featuredmedia":[{"embeddable":true,"href":"https:\/\/yebodaglass.com\/hu\/wp-json\/wp\/v2\/media\/24836"}],"wp:attachment":[{"href":"https:\/\/yebodaglass.com\/hu\/wp-json\/wp\/v2\/media?parent=24835"}],"wp:term":[{"taxonomy":"category","embeddable":true,"href":"https:\/\/yebodaglass.com\/hu\/wp-json\/wp\/v2\/categories?post=24835"},{"taxonomy":"post_tag","embeddable":true,"href":"https:\/\/yebodaglass.com\/hu\/wp-json\/wp\/v2\/tags?post=24835"}],"curies":[{"name":"wp","href":"https:\/\/api.w.org\/{rel}","templated":true}]}}