{"id":20310,"date":"2025-09-08T16:11:29","date_gmt":"2025-09-08T08:11:29","guid":{"rendered":"https:\/\/yebodaglass.com\/?p=20310"},"modified":"2026-04-22T15:04:01","modified_gmt":"2026-04-22T07:04:01","slug":"glass-spice-jars-sourcing-for-wholesale-buyers","status":"publish","type":"post","link":"https:\/\/yebodaglass.com\/hu\/glass-spice-jars-sourcing-for-wholesale-buyers\/","title":{"rendered":"Glass Spice Jars Sourcing for Wholesale Buyers"},"content":{"rendered":"<div data-elementor-type=\"wp-post\" data-elementor-id=\"20310\" class=\"elementor elementor-20310\" data-elementor-settings=\"{&quot;ha_cmc_init_switcher&quot;:&quot;no&quot;}\" data-elementor-post-type=\"post\">\n\t\t\t\t<div class=\"elementor-element elementor-element-93044e0 e-flex e-con-boxed e-con e-parent\" data-id=\"93044e0\" data-element_type=\"container\" data-e-type=\"container\" data-settings=\"{&quot;_ha_eqh_enable&quot;:false}\">\n\t\t\t\t\t<div class=\"e-con-inner\">\n\t\t\t\t<div class=\"elementor-element elementor-element-2a8845b elementor-widget elementor-widget-heading\" data-id=\"2a8845b\" data-element_type=\"widget\" data-e-type=\"widget\" data-widget_type=\"heading.default\">\n\t\t\t\t<div class=\"elementor-widget-container\">\n\t\t\t\t\t<h2 class=\"elementor-heading-title elementor-size-default\">Bevezet\u00e9s<\/h2>\t\t\t\t<\/div>\n\t\t\t\t<\/div>\n\t\t\t\t\t<\/div>\n\t\t\t\t<\/div>\n\t\t<div class=\"elementor-element elementor-element-bd31720 e-flex e-con-boxed e-con e-parent\" data-id=\"bd31720\" data-element_type=\"container\" data-e-type=\"container\" data-settings=\"{&quot;_ha_eqh_enable&quot;:false}\">\n\t\t\t\t\t<div class=\"e-con-inner\">\n\t\t\t\t<div class=\"elementor-element elementor-element-3fece55 elementor-widget elementor-widget-text-editor\" data-id=\"3fece55\" data-element_type=\"widget\" data-e-type=\"widget\" data-widget_type=\"text-editor.default\">\n\t\t\t\t<div class=\"elementor-widget-container\">\n\t\t\t\t\t\t\t\t\t<p>A mai versenyk\u00e9pes glob\u00e1lis piacon a csomagol\u00e1s t\u00f6bb mint egy tart\u00e1ly \u2013 ez egy m\u00e1rkanagyk\u00f6vet. A f\u0171szeriparban m\u0171k\u00f6d\u0151 v\u00e1llalkoz\u00e1sok sz\u00e1m\u00e1ra az \u00fcveg f\u0171szertart\u00f3k d\u00f6nt\u0151 szerepet j\u00e1tszanak a m\u00e1rkaim\u00e1zs alak\u00edt\u00e1s\u00e1ban, a frissess\u00e9g biztos\u00edt\u00e1s\u00e1ban \u00e9s a v\u00e1s\u00e1rl\u00e1si d\u00f6nt\u00e9sek befoly\u00e1sol\u00e1s\u00e1ban. Ez a jelent\u00e9s \u00e1tfog\u00f3 tervet k\u00edn\u00e1l a nagykeresked\u0151knek a tart\u00f3s, alkalmazkod\u00f3k\u00e9pes \u00e9s k\u00f6lts\u00e9ghat\u00e9kony \u00fcveg f\u0171szertart\u00f3k beszerz\u00e9s\u00e9hez. V\u00e9gs\u0151 soron a megfelel\u0151 beszerz\u00e9si strat\u00e9gia a csomagol\u00e1st versenyel\u0151nny\u00e9 alak\u00edtja. A gy\u00e1rt\u00f3kkal val\u00f3 egy\u00fcttm\u0171k\u00f6d\u00e9s r\u00e9v\u00e9n a nagykeresked\u0151k \u00f6sszekapcsolhatj\u00e1k a sk\u00e1l\u00e1zhat\u00f3s\u00e1got, a min\u0151s\u00e9get \u00e9s a testreszabhat\u00f3s\u00e1got az\u00e1ltal, hogy jav\u00edtj\u00e1k piaci megjelen\u00e9s\u00fcket, megv\u00e9dhetik term\u00e9keik integrit\u00e1s\u00e1t. <a href=\"https:\/\/yebodaglass.com\/hu\/why-yeboda-glass\/\">Yeboda<\/a> Az \u00fcveg f\u0171szertart\u00f3 a csomagol\u00e1s kiv\u00e1l\u00f3s\u00e1g\u00e1nak p\u00e9ld\u00e1ja, amely \u00f6tv\u00f6zi a stabilit\u00e1st, az \u00e1tl\u00e1that\u00f3s\u00e1got \u00e9s a m\u00e1rka\u00e9p\u00edt\u00e9st el\u0151seg\u00edt\u0151 eszt\u00e9tik\u00e1t.<\/p>\t\t\t\t\t\t\t\t<\/div>\n\t\t\t\t<\/div>\n\t\t\t\t\t<\/div>\n\t\t\t\t<\/div>\n\t\t<div class=\"elementor-element elementor-element-e3a5b8c e-flex e-con-boxed e-con e-parent\" data-id=\"e3a5b8c\" data-element_type=\"container\" data-e-type=\"container\" data-settings=\"{&quot;_ha_eqh_enable&quot;:false}\">\n\t\t\t\t\t<div class=\"e-con-inner\">\n\t\t\t\t<div class=\"elementor-element elementor-element-a61f10f elementor-widget elementor-widget-image\" data-id=\"a61f10f\" data-element_type=\"widget\" data-e-type=\"widget\" data-widget_type=\"image.default\">\n\t\t\t\t<div class=\"elementor-widget-container\">\n\t\t\t\t\t\t\t\t\t\t\t\t\t\t\t<img fetchpriority=\"high\" decoding=\"async\" width=\"600\" height=\"450\" src=\"https:\/\/yebodaglass.com\/wp-content\/uploads\/2025\/09\/glass-spice-jars-1.webp\" class=\"attachment-large size-large wp-image-20311\" alt=\"\u00fcveg f\u0171szertart\u00f3k\" \/>\t\t\t\t\t\t\t\t\t\t\t\t\t\t\t<\/div>\n\t\t\t\t<\/div>\n\t\t\t\t\t<\/div>\n\t\t\t\t<\/div>\n\t\t<div class=\"elementor-element elementor-element-c32352d e-flex e-con-boxed e-con e-parent\" data-id=\"c32352d\" data-element_type=\"container\" data-e-type=\"container\" data-settings=\"{&quot;_ha_eqh_enable&quot;:false}\">\n\t\t\t\t\t<div class=\"e-con-inner\">\n\t\t\t\t<div class=\"elementor-element elementor-element-259313a elementor-widget elementor-widget-heading\" data-id=\"259313a\" data-element_type=\"widget\" data-e-type=\"widget\" data-widget_type=\"heading.default\">\n\t\t\t\t<div class=\"elementor-widget-container\">\n\t\t\t\t\t<h2 class=\"elementor-heading-title elementor-size-default\">Nagykereskedelmi rendel\u00e9si mennyis\u00e9g \u00e9s sk\u00e1l\u00e1zhat\u00f3s\u00e1gi elemz\u00e9s<\/h2>\t\t\t\t<\/div>\n\t\t\t\t<\/div>\n\t\t\t\t<div class=\"elementor-element elementor-element-e81694d elementor-widget elementor-widget-heading\" data-id=\"e81694d\" data-element_type=\"widget\" data-e-type=\"widget\" data-widget_type=\"heading.default\">\n\t\t\t\t<div class=\"elementor-widget-container\">\n\t\t\t\t\t<h3 class=\"elementor-heading-title elementor-size-default\">Besz\u00e1ll\u00edt\u00f3i kapacit\u00e1s \u00e9rt\u00e9kel\u00e9se<\/h3>\t\t\t\t<\/div>\n\t\t\t\t<\/div>\n\t\t\t\t\t<\/div>\n\t\t\t\t<\/div>\n\t\t<div class=\"elementor-element elementor-element-884cf0d e-flex e-con-boxed e-con e-parent\" data-id=\"884cf0d\" data-element_type=\"container\" data-e-type=\"container\" data-settings=\"{&quot;_ha_eqh_enable&quot;:false}\">\n\t\t\t\t\t<div class=\"e-con-inner\">\n\t\t\t\t<div class=\"elementor-element elementor-element-21e70d1 elementor-widget elementor-widget-text-editor\" data-id=\"21e70d1\" data-element_type=\"widget\" data-e-type=\"widget\" data-widget_type=\"text-editor.default\">\n\t\t\t\t<div class=\"elementor-widget-container\">\n\t\t\t\t\t\t\t\t\t<p>A nagykereskedelmi beszerz\u00e9s alapja a rendel\u00e9si mennyis\u00e9gre vonatkoz\u00f3 k\u00f6vetelm\u00e9nyek meg\u00e9rt\u00e9se. A vev\u0151knek vil\u00e1gosan meg kell hat\u00e1rozniuk a v\u00e1rhat\u00f3 mennyis\u00e9geket \u2013 legyen sz\u00f3 ak\u00e1r 5000 egys\u00e9gr\u0151l a kis t\u00e9telben m\u0171k\u00f6d\u0151 f\u0171szergy\u00e1rt\u00f3 startupok eset\u00e9ben, 50 000 egys\u00e9gr\u0151l a n\u00f6vekv\u0151 m\u00e1rk\u00e1k eset\u00e9ben, vagy 200 000+ egys\u00e9gr\u0151l a multinacion\u00e1lis forgalmaz\u00f3k eset\u00e9ben. A besz\u00e1ll\u00edt\u00f3knak bizony\u00edtaniuk kell, hogy k\u00e9pesek alkalmazkodni a n\u00f6vekv\u0151 kereslethez a min\u0151s\u00e9g fel\u00e1ldoz\u00e1sa n\u00e9lk\u00fcl. Ez a sk\u00e1l\u00e1zhat\u00f3s\u00e1g biztos\u00edtja a hossz\u00fa t\u00e1v\u00fa partners\u00e9gi stabilit\u00e1st, \u00e9s cs\u00f6kkenti a k\u00e9szlethi\u00e1ny vagy a k\u00f6lts\u00e9ges k\u00e9sedelmek kock\u00e1zat\u00e1t. Az \u00e9rt\u00e9kel\u00e9s v\u00e9g\u00e9n a Yeboda \u00fcveg f\u0171szertart\u00f3i kiemelkednek, mivel a v\u00e1llalat az er\u0151s termel\u00e9si kapacit\u00e1s \u00e9s az alkalmazkod\u00e1si t\u00e1mogat\u00e1s egyens\u00faly\u00e1t tartja fenn, \u00edgy alkalmass\u00e1 teszi \u0151ket a v\u00e1llalkoz\u00e1sok region\u00e1lis \u00e9s glob\u00e1lis piacokr\u00f3l val\u00f3 sk\u00e1l\u00e1z\u00e1s\u00e1ra.<\/p>\t\t\t\t\t\t\t\t<\/div>\n\t\t\t\t<\/div>\n\t\t\t\t<div class=\"elementor-element elementor-element-d8643e8 elementor-widget elementor-widget-heading\" data-id=\"d8643e8\" data-element_type=\"widget\" data-e-type=\"widget\" data-widget_type=\"heading.default\">\n\t\t\t\t<div class=\"elementor-widget-container\">\n\t\t\t\t\t<h3 class=\"elementor-heading-title elementor-size-default\">Mennyis\u00e9gi egys\u00e9g k\u00f6lcs\u00f6nhat\u00e1sa \u00e9s termel\u00e9si hat\u00e9konys\u00e1g<\/h3>\t\t\t\t<\/div>\n\t\t\t\t<\/div>\n\t\t\t\t<div class=\"elementor-element elementor-element-a4aced1 elementor-widget elementor-widget-text-editor\" data-id=\"a4aced1\" data-element_type=\"widget\" data-e-type=\"widget\" data-widget_type=\"text-editor.default\">\n\t\t\t\t<div class=\"elementor-widget-container\">\n\t\t\t\t\t\t\t\t\t<p>A minim\u00e1lis rendel\u00e9si mennyis\u00e9g (MOQ) k\u00f6zvetlen\u00fcl befoly\u00e1solja a nagy t\u00e9telben t\u00f6rt\u00e9n\u0151 megval\u00f3s\u00edthat\u00f3s\u00e1got. M\u00edg egyes besz\u00e1ll\u00edt\u00f3k ak\u00e1r 50 000 egys\u00e9gnyi MOQ-t is k\u00e9rnek, a rugalmas besz\u00e1ll\u00edt\u00f3k 2000-5000 egys\u00e9gre is cs\u00f6kkenthetik a MOQ-t, ami lehet\u0151v\u00e9 teheti a piaci tesztel\u00e9st a nagym\u00e9ret\u0171 sorozatok pontoz\u00e1sa el\u0151tt. A szakk\u00e9pzett szersz\u00e1mhaszn\u00e1lat \u00e9s a karcs\u00fas\u00edtott gy\u00e1rt\u00e1si folyamatok fontosak a MOQ kezelhet\u0151s\u00e9g\u00e9nek meg\u0151rz\u00e9s\u00e9hez. A MOQ-k t\u00e1rgyal\u00e1s\u00e1nak mag\u00e1ban kell foglalnia az egys\u00e9g\u00e1r-sk\u00e1l\u00e1z\u00e1s, a t\u00e1rol\u00e1si meg\u00e1llapod\u00e1sok \u00e9s a szakaszos sz\u00e1ll\u00edt\u00e1si modellek megvitat\u00e1s\u00e1t. P\u00e9ld\u00e1ul a Beausino 10 000 egys\u00e9gnyi MOQ-t is elfogad egyedi form\u00e1k eset\u00e9ben, de 6 h\u00f3napon kereszt\u00fcli szakaszos sz\u00e1ll\u00edt\u00e1st is lehet\u0151v\u00e9 tesz. A vev\u0151k profit\u00e1lhatnak a hossz\u00fa t\u00e1v\u00fa keresleti el\u0151rejelz\u00e9sek elemz\u00e9s\u00e9b\u0151l, hogy jobb MOQ-felt\u00e9teleket biztos\u00edtsanak a t\u00e1rol\u00f3kapacit\u00e1s t\u00falterhel\u00e9se n\u00e9lk\u00fcl. Azok a besz\u00e1ll\u00edt\u00f3k, akik optimaliz\u00e1lj\u00e1k a hat\u00e9konys\u00e1got, mik\u00f6zben fenntartj\u00e1k az \u00e1lland\u00f3s\u00e1got, bizalmat \u00e9p\u00edtenek ki a B2B v\u00e1s\u00e1rl\u00f3kkal. Ez a rugalmass\u00e1g k\u00fcl\u00f6n\u00f6sen \u00e9rt\u00e9kes a felt\u00f6rekv\u0151 f\u0171szerm\u00e1rk\u00e1k sz\u00e1m\u00e1ra, amelyek term\u00e9kcsal\u00e1dokkal k\u00eds\u00e9rleteznek. A Yeboda... <a href=\"https:\/\/yebodaglass.com\/hu\/glass-jars\/\">\u00fcveged\u00e9nyek<\/a> ezt az alkalmazkod\u00f3k\u00e9pess\u00e9get biztos\u00edtj\u00e1k, kiv\u00e1l\u00f3 min\u0151s\u00e9g\u0171 \u00fcvegeket k\u00edn\u00e1lva m\u00e9g m\u00e9rs\u00e9kelt minim\u00e1lis rendel\u00e9si mennyis\u00e9gek mellett is, mik\u00f6zben t\u00e1mogatj\u00e1k a nagym\u00e9rt\u00e9k\u0171 sk\u00e1l\u00e1zhat\u00f3s\u00e1got, amikor a kereslet megn\u0151.<\/p>\t\t\t\t\t\t\t\t<\/div>\n\t\t\t\t<\/div>\n\t\t\t\t<div class=\"elementor-element elementor-element-91c3ac2 elementor-widget elementor-widget-heading\" data-id=\"91c3ac2\" data-element_type=\"widget\" data-e-type=\"widget\" data-widget_type=\"heading.default\">\n\t\t\t\t<div class=\"elementor-widget-container\">\n\t\t\t\t\t<h3 class=\"elementor-heading-title elementor-size-default\">Hossz\u00fa t\u00e1v\u00fa sk\u00e1l\u00e1zhat\u00f3s\u00e1gi szempontok<\/h3>\t\t\t\t<\/div>\n\t\t\t\t<\/div>\n\t\t\t\t<div class=\"elementor-element elementor-element-1ce4f14 elementor-widget elementor-widget-text-editor\" data-id=\"1ce4f14\" data-element_type=\"widget\" data-e-type=\"widget\" data-widget_type=\"text-editor.default\">\n\t\t\t\t<div class=\"elementor-widget-container\">\n\t\t\t\t\t\t\t\t\t<p>A kezdeti mennyis\u00e9geken t\u00fal a v\u00e1llalkoz\u00e1soknak fel kell k\u00e9sz\u00fclni\u00fck a region\u00e1lis vagy glob\u00e1lis disztrib\u00faci\u00f3ra val\u00f3 sk\u00e1l\u00e1z\u00e1sra. A robusztus infrastrukt\u00far\u00e1val, p\u00e9ld\u00e1ul t\u00f6bb gy\u00e1rt\u00f3sorral \u00e9s automatiz\u00e1lt min\u0151s\u00e9gbiztos\u00edt\u00e1si folyamatokkal rendelkez\u0151 besz\u00e1ll\u00edt\u00f3k k\u00e9pesek kezelni az exponenci\u00e1lis keresletn\u00f6veked\u00e9st. Fontos azt is felm\u00e9rni, hogy a besz\u00e1ll\u00edt\u00f3k fenntartanak-e redund\u00e1ns l\u00e9tes\u00edtm\u00e9nyeket a zavarok kock\u00e1zat\u00e1nak cs\u00f6kkent\u00e9se \u00e9rdek\u00e9ben. A glob\u00e1lis v\u00e1s\u00e1rl\u00f3knak a sz\u00e1ll\u00edt\u00e1si logisztik\u00e1t is \u00e9rt\u00e9kelni\u00fck kell: a telep\u00edtett \u00e1ruk partners\u00e9g\u00e9vel a f\u0151bb kik\u00f6t\u0151k k\u00f6zel\u00e9ben l\u00e9v\u0151 besz\u00e1ll\u00edt\u00f3 felgyors\u00edthatja a sk\u00e1l\u00e1z\u00e1st a k\u00f6lts\u00e9gek cs\u00f6kkent\u00e9s\u00e9vel. Ezenk\u00edv\u00fcl a sk\u00e1l\u00e1zhat\u00f3 ell\u00e1t\u00e1si l\u00e1ncnak rugalmas rakt\u00e1roz\u00e1si megold\u00e1sokat \u00e9s just-in-time k\u00e9szletgazd\u00e1lkod\u00e1st kell tartalmaznia. A besz\u00e1ll\u00edt\u00f3 azon k\u00e9pess\u00e9ge, hogy \u00fcgyfeleivel egy\u00fctt n\u00f6vekedjen, biztos\u00edtja, hogy a csomagol\u00e1s ne okozzon fejleszt\u00e9si sz\u0171k keresztmetszetet. Ez elv\u00e1lasztja a strat\u00e9giai partnereket a hossz\u00fa t\u00e1v\u00fa j\u00f6v\u0151k\u00e9p\u0171 tranzakci\u00f3k besz\u00e1ll\u00edt\u00f3it\u00f3l. A Yeboda \u00fcveg f\u0171szertart\u00f3it ennek a sk\u00e1l\u00e1zhat\u00f3s\u00e1gnak a kiszolg\u00e1l\u00e1s\u00e1ra vetett\u00e9k be, amely megb\u00edzhat\u00f3 \u00fatvonalat k\u00edn\u00e1l a butikrendel\u00e9sekt\u0151l a multinacion\u00e1lis disztrib\u00faci\u00f3ig.<\/p>\t\t\t\t\t\t\t\t<\/div>\n\t\t\t\t<\/div>\n\t\t\t\t<div class=\"elementor-element elementor-element-f87c303 elementor-widget elementor-widget-heading\" data-id=\"f87c303\" data-element_type=\"widget\" data-e-type=\"widget\" data-widget_type=\"heading.default\">\n\t\t\t\t<div class=\"elementor-widget-container\">\n\t\t\t\t\t<h2 class=\"elementor-heading-title elementor-size-default\">\u00dcveg specifik\u00e1ci\u00f3k \u00e9s tervez\u00e9si \u00f6tletek<\/h2>\t\t\t\t<\/div>\n\t\t\t\t<\/div>\n\t\t\t\t<div class=\"elementor-element elementor-element-b8a77a0 elementor-widget elementor-widget-text-editor\" data-id=\"b8a77a0\" data-element_type=\"widget\" data-e-type=\"widget\" data-widget_type=\"text-editor.default\">\n\t\t\t\t<div class=\"elementor-widget-container\">\n\t\t\t\t\t\t\t\t\t<p>A beszerz\u00e9si strat\u00e9gia m\u00e1sodik oszlopa az \u00fcveg f\u0171szertart\u00f3k fizikai kialak\u00edt\u00e1s\u00e1ban \u00e9s funkcion\u00e1lis jellemz\u0151iben rejlik. A t\u00e1rol\u00e1son t\u00fal az \u00fcvegnek n\u00f6velnie kell a fogyaszt\u00f3i c\u00e9lt, maximaliz\u00e1lnia kell a polcok vonzerej\u00e9t, \u00e9s t\u00fckr\u00f6znie kell a m\u00e1rka\u00e9rt\u00e9keket.<\/p><ul><li>A form\u00e1k a hengeres \u00e9s n\u00e9gyzet alak\u00faakt\u00f3l a hatsz\u00f6glet\u0171 \u00e9s v\u00e9kony f\u00fcgg\u0151leges form\u00e1kig terjednek. A hengeres bef\u0151ttes\u00fcvegek sokoldal\u00faak, m\u00edg a n\u00e9gyzet alak\u00fa bef\u0151ttes\u00fcvegek c\u00edmk\u00e9z\u00e9si hat\u00e9konys\u00e1got \u00e9s helytakar\u00e9koss\u00e1got biztos\u00edtanak. A hatsz\u00f6glet\u0171 kialak\u00edt\u00e1s pr\u00e9mium eszt\u00e9tik\u00e1t k\u00f6lcs\u00f6n\u00f6z, vonzva a k\u00fcl\u00f6nleges v\u00e1s\u00e1rl\u00f3kat. A m\u00e9ret \u00e1ltal\u00e1ban 2 unci\u00e1t\u00f3l 16 unci\u00e1ig terjed, amelyeket k\u00fcl\u00f6nleges f\u0171szerekhez haszn\u00e1lnak az \u00e9lelmiszer-szolg\u00e1ltat\u00e1sban.<\/li><li>Az \u00fcveg t\u00edpus\u00e1nak kiv\u00e1laszt\u00e1sa is sz\u00e1m\u00edt. A sz\u00f3da\u00fcveg domin\u00e1l a szil\u00e1rds\u00e1ga \u00e9s \u00e1tl\u00e1tsz\u00f3s\u00e1ga miatt, m\u00edg a boroszilik\u00e1t \u00fcveg h\u0151sokkot \u00e9s fokozott ellen\u00e1ll\u00e1st biztos\u00edt a k\u00e9miai korr\u00f3zi\u00f3val szemben, \u00edgy alkalmass\u00e1 t\u00e9ve pr\u00e9mium f\u0171szerkollekci\u00f3khoz. A m\u00e1rk\u00e1knak m\u00e9rlegelni\u00fck kell a k\u00f6lts\u00e9geket a teljes\u00edtm\u00e9nyhez k\u00e9pest, \u00e9s az anyagv\u00e1laszt\u00e1st \u00f6ssze kell hangolniuk a m\u00e1rka pozicion\u00e1l\u00e1s\u00e1val.<\/li><\/ul><p>Ezek az \u00f6tletek a csomagol\u00e1st m\u00e1rkatulajdonn\u00e1 alak\u00edtj\u00e1k. Az \u00e1ttekinthet\u0151s\u00e9g, az er\u0151 \u00e9s az alkalmazkod\u00f3k\u00e9pes form\u00e1k r\u00e9v\u00e9n a Yeboda \u00fcveg f\u0171szertart\u00f3i lehet\u0151v\u00e9 teszik a v\u00e1s\u00e1rl\u00f3k sz\u00e1m\u00e1ra, hogy megtal\u00e1lj\u00e1k a megfelel\u0151 egyens\u00falyt a praktikum \u00e9s a pr\u00e9mium eszt\u00e9tika k\u00f6z\u00f6tt, ami er\u0151s\u00edti a m\u00e1rka meg\u00edt\u00e9l\u00e9s\u00e9t a term\u00e9kcsal\u00e1don bel\u00fcl.<\/p>\t\t\t\t\t\t\t\t<\/div>\n\t\t\t\t<\/div>\n\t\t\t\t<div class=\"elementor-element elementor-element-66c1d1f elementor-widget elementor-widget-image\" data-id=\"66c1d1f\" data-element_type=\"widget\" data-e-type=\"widget\" data-widget_type=\"image.default\">\n\t\t\t\t<div class=\"elementor-widget-container\">\n\t\t\t\t\t\t\t\t\t\t\t\t\t\t\t<img decoding=\"async\" width=\"600\" height=\"450\" src=\"https:\/\/yebodaglass.com\/wp-content\/uploads\/2025\/09\/glass-spice-jars.webp\" class=\"attachment-large size-large wp-image-20314\" alt=\"\u00fcveg f\u0171szertart\u00f3k\" \/>\t\t\t\t\t\t\t\t\t\t\t\t\t\t\t<\/div>\n\t\t\t\t<\/div>\n\t\t\t\t<div class=\"elementor-element elementor-element-1faba87 elementor-widget elementor-widget-heading\" data-id=\"1faba87\" data-element_type=\"widget\" data-e-type=\"widget\" data-widget_type=\"heading.default\">\n\t\t\t\t<div class=\"elementor-widget-container\">\n\t\t\t\t\t<h2 class=\"elementor-heading-title elementor-size-default\">Fed\u00e9l \u00e9s z\u00e1r\u00f3rendszer k\u00f6vetelm\u00e9nyei<\/h2>\t\t\t\t<\/div>\n\t\t\t\t<\/div>\n\t\t\t\t<div class=\"elementor-element elementor-element-0081bbf elementor-widget elementor-widget-text-editor\" data-id=\"0081bbf\" data-element_type=\"widget\" data-e-type=\"widget\" data-widget_type=\"text-editor.default\">\n\t\t\t\t<div class=\"elementor-widget-container\">\n\t\t\t\t\t\t\t\t\t<p>Nem sz\u00e1m\u00edt, mennyire tart\u00f3s az \u00fcveg, az \u00fcveg f\u0171szertart\u00f3 hat\u00e9konys\u00e1ga a fed\u00e9l teljes\u00edtm\u00e9ny\u00e9t\u0151l f\u00fcgg. A fed\u00e9llel ell\u00e1tott term\u00e9kek meg\u0151rzik az integrit\u00e1st, megakad\u00e1lyozz\u00e1k a szennyez\u0151d\u00e9st \u00e9s n\u00f6velik a funkci\u00f3j\u00e1t.<\/p><p>A rendelkez\u00e9sre \u00e1ll\u00f3 z\u00e1r\u00f3rendszerek a k\u00f6vetkez\u0151k:<\/p><ul><li>L\u00e9gmentesen z\u00e1r\u00f3d\u00f3 csavaros kupakok (f\u00e9m vagy m\u0171anyag) ill\u00e9kony olajok tart\u00f3s\u00edt\u00e1s\u00e1ra.<\/li><li>R\u00e1z\u00f3tet\u0151k a finom f\u0171szerek k\u00e9nyelmes adagol\u00e1s\u00e1hoz.<\/li><li>\u00d6nt\u0151cs\u00f6vek durva f\u0171szerekhez vagy kever\u00e9kekhez.<\/li><li>K\u00f6rnyezetbar\u00e1t bambusz fedelek a fenntarthat\u00f3 m\u00e1rka\u00e9p\u00edt\u00e9s\u00e9rt.<\/li><\/ul><p>Az \u00fcvegek \u00e9s fedelek kompatibilit\u00e1si tesztel\u00e9se elengedhetetlen a sziv\u00e1rg\u00e1sok vagy a nem megfelel\u0151 illeszked\u00e9s elker\u00fcl\u00e9se \u00e9rdek\u00e9ben. A csomagol\u00e1s funkcionalit\u00e1s\u00e1nak t\u00fckr\u00f6znie kell a fogyaszt\u00f3 v\u00e9gfelhaszn\u00e1l\u00e1s\u00e1t: az \u00ednyenc konyh\u00e1k l\u00e9gmentesen z\u00e1r\u00f3d\u00f3, prec\u00edz megold\u00e1st ig\u00e9nyelnek, m\u00edg a h\u00e9tk\u00f6znapi felhaszn\u00e1l\u00f3k az egyszer\u0171, felpattinthat\u00f3 fedelet r\u00e9szes\u00edthetik el\u0151nyben.<\/p><p>A hat\u00e9kony fed\u00e9lrendszerek n\u00f6velik az \u00fcgyfelek el\u00e9gedetts\u00e9g\u00e9t, cs\u00f6kkentik a roml\u00e1st, \u00e9s illeszkednek a m\u00e1rkajelz\u00e9shez. A Yeboda \u00fcveg f\u0171szertart\u00f3i t\u00f6bbf\u00e9le fed\u00e9lkonfigur\u00e1ci\u00f3nak k\u00f6sz\u00f6nhet\u0151en tart\u00f3s\u00edt\u00e1st \u00e9s k\u00e9nyelmet biztos\u00edtanak, \u00edgy sokoldal\u00fa megold\u00e1st jelentenek a nagykereskedelmi v\u00e1s\u00e1rl\u00f3k sz\u00e1m\u00e1ra a k\u00fcl\u00f6nb\u00f6z\u0151 piaci szegmensekben.<\/p>\t\t\t\t\t\t\t\t<\/div>\n\t\t\t\t<\/div>\n\t\t\t\t<div class=\"elementor-element elementor-element-fcbcdd2 elementor-widget elementor-widget-heading\" data-id=\"fcbcdd2\" data-element_type=\"widget\" data-e-type=\"widget\" data-widget_type=\"heading.default\">\n\t\t\t\t<div class=\"elementor-widget-container\">\n\t\t\t\t\t<h2 class=\"elementor-heading-title elementor-size-default\">Glob\u00e1lis \u00e9s region\u00e1lis besz\u00e1ll\u00edt\u00f3i k\u00f6rnyezet<\/h2>\t\t\t\t<\/div>\n\t\t\t\t<\/div>\n\t\t\t\t<div class=\"elementor-element elementor-element-9cf4bf6 elementor-widget elementor-widget-text-editor\" data-id=\"9cf4bf6\" data-element_type=\"widget\" data-e-type=\"widget\" data-widget_type=\"text-editor.default\">\n\t\t\t\t<div class=\"elementor-widget-container\">\n\t\t\t\t\t\t\t\t\t<p>A nemzetk\u00f6zi \u00fcveg f\u0171szeres bef\u0151ttes\u00fcvegek ell\u00e1t\u00e1si l\u00e1nca \u00c1zsi\u00e1t, Eur\u00f3p\u00e1t \u00e9s \u00c9szak-Amerik\u00e1t \u00f6leli fel. Minden r\u00e9gi\u00f3 saj\u00e1tos er\u0151ss\u00e9geket k\u00edn\u00e1l:<\/p><ul><li><strong>K\u00edna:<\/strong> Versenyk\u00e9pes \u00e1rak, nagy kapacit\u00e1s \u00e9s rugalmas testreszabhat\u00f3s\u00e1g. Kiemelked\u0151 szerepl\u0151k k\u00f6z\u00e9 tartozik a Roetell, a Beausino \u00e9s a Feemio.<\/li><li><strong>Eur\u00f3pa:<\/strong> Fejlett gy\u00e1rt\u00e1stechnol\u00f3gia, stabilit\u00e1si vezet\u0151 szerep \u00e9s hagyom\u00e1nyos szak\u00e9rtelem. Nevezetes besz\u00e1ll\u00edt\u00f3k: Verlia, Ardag Group, Greshhememer.<\/li><li><strong>\u00c9szak Amerika:<\/strong> Er\u0151s megfelel\u00e9si f\u00f3kusz, k\u00f6zels\u00e9gi el\u0151ny\u00f6k az amerikai v\u00e1s\u00e1rl\u00f3k sz\u00e1m\u00e1ra, \u00e9s az Owens-Illinois nagyv\u00e1llalat.<\/li><\/ul><p>A vev\u0151knek m\u00e9rlegelni\u00fck kell a k\u00f6lts\u00e9gmegtakar\u00edt\u00e1st a stabilit\u00e1si szabv\u00e1nyokkal, a sz\u00e1ll\u00edt\u00e1si id\u0151vel \u00e9s az importtal kapcsolatos bonyodalmakkal szemben. Az elsz\u00e1moltathat\u00f3s\u00e1g, a tan\u00fas\u00edtv\u00e1ny \u00e9s a gy\u00e1rt\u00e1s elengedhetetlen az \u00e1tl\u00e1that\u00f3s\u00e1got \u00e9rt\u00e9kel\u0151 partnerek sz\u00e1m\u00e1ra. A yeboda \u00fcveg f\u0171szertart\u00f3i, amelyeket szigor\u00fa min\u0151s\u00e9gbiztos\u00edt\u00e1si rendszerekkel \u00e9s tart\u00f3s gyakorlatokkal gy\u00e1rtanak, egy kiegyens\u00falyozott beszerz\u00e9si megold\u00e1s min\u0151s\u00e9g\u00e9t \u00e9s k\u00e9pess\u00e9geit szimul\u00e1lj\u00e1k.<\/p>\t\t\t\t\t\t\t\t<\/div>\n\t\t\t\t<\/div>\n\t\t\t\t<div class=\"elementor-element elementor-element-91e04f2 elementor-widget elementor-widget-heading\" data-id=\"91e04f2\" data-element_type=\"widget\" data-e-type=\"widget\" data-widget_type=\"heading.default\">\n\t\t\t\t<div class=\"elementor-widget-container\">\n\t\t\t\t\t<h2 class=\"elementor-heading-title elementor-size-default\">K\u00f6lts\u00e9gelemz\u00e9s \u00e9s \u00e1rk\u00e9pz\u00e9s<\/h2>\t\t\t\t<\/div>\n\t\t\t\t<\/div>\n\t\t\t\t<div class=\"elementor-element elementor-element-d812d55 elementor-widget elementor-widget-text-editor\" data-id=\"d812d55\" data-element_type=\"widget\" data-e-type=\"widget\" data-widget_type=\"text-editor.default\">\n\t\t\t\t<div class=\"elementor-widget-container\">\n\t\t\t\t\t\t\t\t\t<p>Az \u00fcveg f\u0171szertart\u00f3k k\u00f6lts\u00e9ghat\u00e9kony beszerz\u00e9st eredm\u00e9nyeznek az alapanyagk\u00f6lts\u00e9gek, az adapt\u00e1ci\u00f3s d\u00edjak \u00e9s a logisztika kiegyens\u00falyoz\u00e1s\u00e1val. A sz\u00f3da\u00fcveg tov\u00e1bbra is k\u00f6lts\u00e9ghat\u00e9kony, m\u00edg a boroszilik\u00e1t n\u00f6veli a pr\u00e9miumk\u00f6lts\u00e9get, de t\u00e1mogatja a magas haszonkulcs\u00fa term\u00e9keket. Az egyedi forma d\u00edjai 5000 \u00e9s 10 000 doll\u00e1r k\u00f6z\u00f6tt mozognak, a hossz\u00fa t\u00e1v\u00fa finom\u00edt\u00e1si al\u00e1\u00edr\u00e1sok pedig t\u00f6k\u00e9letes befektet\u00e9st jelentenek az egyedi tervez\u00e9shez. Az energiaig\u00e9nyes olvaszt\u00e1si folyamatok jelent\u0151sen hozz\u00e1j\u00e1rulnak az \u00e9rt\u00e9k ingadoz\u00e1s\u00e1hoz, k\u00fcl\u00f6n\u00f6sen Eur\u00f3p\u00e1ban, ahol az energiak\u00f6lts\u00e9gek ingadoznak. A sz\u00e1ll\u00edt\u00e1s is n\u00f6veli a k\u00f6lts\u00e9geket; a kont\u00e9neres sz\u00e1ll\u00edt\u00e1si d\u00edjak a f\u0151szezonban megdupl\u00e1z\u00f3dhatnak, ami befoly\u00e1solja az egys\u00e9g\u00e1r kisz\u00e1ll\u00edt\u00e1si k\u00f6lts\u00e9g\u00e9t. A strat\u00e9giai v\u00e1s\u00e1rl\u00f3k \u00f6sszevonj\u00e1k a sz\u00e1ll\u00edtm\u00e1nyokat, szakaszos sz\u00e1ll\u00edt\u00e1sr\u00f3l t\u00e1rgyalnak, \u00e9s kihaszn\u00e1lj\u00e1k a t\u00f6bb\u00e9ves szerz\u0151d\u00e9seket az \u00e1rak stabiliz\u00e1l\u00e1sa \u00e9rdek\u00e9ben. A csomagol\u00e1stervez\u00e9s anyagfelhaszn\u00e1l\u00e1s cs\u00f6kkent\u00e9se \u00e9rdek\u00e9ben t\u00f6rt\u00e9n\u0151 m\u00f3dos\u00edt\u00e1sa tov\u00e1bb fokozza a k\u00f6lts\u00e9gversenyt.<\/p>\t\t\t\t\t\t\t\t<\/div>\n\t\t\t\t<\/div>\n\t\t\t\t<div class=\"elementor-element elementor-element-74f5d3a elementor-widget elementor-widget-image\" data-id=\"74f5d3a\" data-element_type=\"widget\" data-e-type=\"widget\" data-widget_type=\"image.default\">\n\t\t\t\t<div class=\"elementor-widget-container\">\n\t\t\t\t\t\t\t\t\t\t\t\t\t\t\t<img decoding=\"async\" width=\"600\" height=\"450\" src=\"https:\/\/yebodaglass.com\/wp-content\/uploads\/2025\/09\/glass-spice-jars-2.webp\" class=\"attachment-large size-large wp-image-20312\" alt=\"\u00fcveg f\u0171szertart\u00f3k\" \/>\t\t\t\t\t\t\t\t\t\t\t\t\t\t\t<\/div>\n\t\t\t\t<\/div>\n\t\t\t\t<div class=\"elementor-element elementor-element-d98add5 elementor-widget elementor-widget-heading\" data-id=\"d98add5\" data-element_type=\"widget\" data-e-type=\"widget\" data-widget_type=\"heading.default\">\n\t\t\t\t<div class=\"elementor-widget-container\">\n\t\t\t\t\t<h2 class=\"elementor-heading-title elementor-size-default\">Stabilit\u00e1si \u00e9s min\u0151s\u00e9gbiztos\u00edt\u00e1si protokollok<\/h2>\t\t\t\t<\/div>\n\t\t\t\t<\/div>\n\t\t\t\t<div class=\"elementor-element elementor-element-618140c elementor-widget elementor-widget-text-editor\" data-id=\"618140c\" data-element_type=\"widget\" data-e-type=\"widget\" data-widget_type=\"text-editor.default\">\n\t\t\t\t<div class=\"elementor-widget-container\">\n\t\t\t\t\t\t\t\t\t<p>Az \u00fcveg f\u0171szeres bef\u0151ttes\u00fcvegek min\u0151s\u00e9gbiztos\u00edt\u00e1sa kiemelked\u0151 fontoss\u00e1g\u00fa. A tart\u00f3ss\u00e1gi teszt biztos\u00edtja a h\u0151sokk, a mechanikai hat\u00e1sok \u00e9s a nagy t\u00e1vols\u00e1g\u00fa sz\u00e1ll\u00edt\u00e1snak ellen\u00e1ll\u00f3 \u00fcvegeket. Az olyan szabv\u00e1nyok, mint az ASTM C147, referencia\u00e9rt\u00e9keket hat\u00e1roznak meg a bels\u0151 nyom\u00e1s szil\u00e1rds\u00e1g\u00e1ra vonatkoz\u00f3an. A gy\u00e1rt\u00f3k a fesz\u00fclts\u00e9g n\u00f6vel\u00e9se \u00e9rdek\u00e9ben l\u00e1gy\u00edt\u00e1st, a szil\u00e1rds\u00e1g n\u00f6vel\u00e9se \u00e9rdek\u00e9ben pedig megereszt\u00e9st alkalmaznak. A k\u00e9miai elemz\u00e9s meger\u0151s\u00edti az \u00e9lelmiszeripari min\u0151s\u00e9g\u0171 megfelel\u0151s\u00e9get, biztos\u00edtva, hogy az \u00fcvegek ne harapjanak bele k\u00e1ros anyagokba. A falvastags\u00e1g \u00e1lland\u00f3s\u00e1ga megakad\u00e1lyozza a gyenge pontokat \u00e9s biztos\u00edtja az egyenletes lez\u00e1r\u00e1st. A megb\u00edzhat\u00f3 besz\u00e1ll\u00edt\u00f3k szigor\u00fa t\u00e9telvizsg\u00e1latokat tartanak fenn, a 2% feletti selejtar\u00e1nyt elutas\u00edtj\u00e1k, \u00e9s automatikus ellen\u0151rz\u0151 rendszereket alkalmaznak. Ezek az int\u00e9zked\u00e9sek nemcsak a term\u00e9k integrit\u00e1s\u00e1t v\u00e9dik, hanem a m\u00e1rka h\u00edrnev\u00e9t is.<\/p>\t\t\t\t\t\t\t\t<\/div>\n\t\t\t\t<\/div>\n\t\t\t\t<div class=\"elementor-element elementor-element-84cabba elementor-widget elementor-widget-heading\" data-id=\"84cabba\" data-element_type=\"widget\" data-e-type=\"widget\" data-widget_type=\"heading.default\">\n\t\t\t\t<div class=\"elementor-widget-container\">\n\t\t\t\t\t<h2 class=\"elementor-heading-title elementor-size-default\">Besz\u00e1ll\u00edt\u00f3i jogosults\u00e1gok \u00e9s tervez\u00e9si keretrendszer<\/h2>\t\t\t\t<\/div>\n\t\t\t\t<\/div>\n\t\t\t\t<div class=\"elementor-element elementor-element-0f6f638 elementor-widget elementor-widget-text-editor\" data-id=\"0f6f638\" data-element_type=\"widget\" data-e-type=\"widget\" data-widget_type=\"text-editor.default\">\n\t\t\t\t<div class=\"elementor-widget-container\">\n\t\t\t\t\t\t\t\t\t<p>A nagykereskedelmi partnerek kiv\u00e1laszt\u00e1s\u00e1hoz \u00e1llami ellen\u0151rz\u00e9s sz\u00fcks\u00e9ges. A vev\u0151knek \u00e9rt\u00e9kelni\u00fck kell a k\u00f6vetkez\u0151ket:<\/p><ul><li>Tan\u00fas\u00edtv\u00e1ny: ISO 9001: 2015, FDA, ROHS, hozz\u00e1f\u00e9r\u00e9s.<\/li><li>P\u00e9nz\u00fcgyi stabilit\u00e1s: Hitelmin\u0151s\u00edt\u00e9s \u00e9s Altman Z-Schor.<\/li><li>Munka\u00fcgyi etika: Megfelel\u00e9s a glob\u00e1lis munka\u00fcgyi norm\u00e1knak.<\/li><li>Felel\u0151ss\u00e9gv\u00e1llal\u00e1s: Id\u0151beni sz\u00e1ll\u00edt\u00e1s 98%, v\u00e1laszid\u0151 2 \u00f3ra.<\/li><\/ul><p>A harmadik f\u00e9l \u00e1ltal v\u00e9gzett ellen\u0151rz\u00e9si szolg\u00e1ltat\u00e1sok \u00e9s a besz\u00e1ll\u00edt\u00f3i auditok cs\u00f6kkentik a f\u00e9lret\u00e1j\u00e9koztat\u00e1s kock\u00e1zat\u00e1t. A megb\u00edzhat\u00f3 besz\u00e1ll\u00edt\u00f3k \u00e1tl\u00e1that\u00f3 dokument\u00e1ci\u00f3t \u00e9s a telep\u00edtett v\u00e1s\u00e1rl\u00f3kt\u00f3l sz\u00e1rmaz\u00f3 referenci\u00e1kat biztos\u00edtanak.<\/p>\t\t\t\t\t\t\t\t<\/div>\n\t\t\t\t<\/div>\n\t\t\t\t<div class=\"elementor-element elementor-element-70167ed elementor-widget elementor-widget-heading\" data-id=\"70167ed\" data-element_type=\"widget\" data-e-type=\"widget\" data-widget_type=\"heading.default\">\n\t\t\t\t<div class=\"elementor-widget-container\">\n\t\t\t\t\t<h2 class=\"elementor-heading-title elementor-size-default\">Logisztikai, csomagol\u00e1si \u00e9s ell\u00e1t\u00e1si strat\u00e9gi\u00e1k<\/h2>\t\t\t\t<\/div>\n\t\t\t\t<\/div>\n\t\t\t\t<div class=\"elementor-element elementor-element-460870a elementor-widget elementor-widget-text-editor\" data-id=\"460870a\" data-element_type=\"widget\" data-e-type=\"widget\" data-widget_type=\"text-editor.default\">\n\t\t\t\t<div class=\"elementor-widget-container\">\n\t\t\t\t\t\t\t\t\t<p>A szak\u00e9rtelem cs\u00f6kkenti a sz\u00e1ll\u00edt\u00e1si k\u00e1rokat \u00e9s optimaliz\u00e1lja a k\u00f6lts\u00e9geket. A csomagol\u00e1snak p\u00e1rn\u00e1z\u00e1st, elv\u00e1laszt\u00f3kat \u00e9s dupla dobozol\u00e1st kell alkalmaznia a k\u00e9nyes \u00fcveg f\u0171szeres\u00fcvegekhez. Az e-kereskedelem eset\u00e9ben a csomagol\u00e1snak t\u00f6bb kezel\u00e9si l\u00e9p\u00e9st is el kell viselnie. A sz\u00e1ll\u00edt\u00e1si modellek k\u00f6z\u00e9 tartozik az LTL (kisebb, mint kamionrakom\u00e1ny) a gyakori kis t\u00e9telekhez \u00e9s az FCL (teljes kont\u00e9nerrakom\u00e1ny) az \u00f6sszevont \u00f6mlesztett megrendel\u00e9sekhez. A v\u00e1m\u00fcgyi megfelel\u00e9st, a v\u00e1mokat \u00e9s a tarif\u00e1kat figyelembe kell venni a f\u00f6ld k\u00f6lts\u00e9g\u00e9nek kisz\u00e1m\u00edt\u00e1sakor. Az enged\u00e9llyel rendelkez\u0151 br\u00f3kerek b\u00e9rl\u00e9se cs\u00f6kkenti a visszavon\u00e1si kock\u00e1zatokat. A vev\u0151k versenyel\u0151nyre tesznek szert a teljes k\u00f6lts\u00e9g optimaliz\u00e1l\u00e1s\u00e1ban val\u00f3 j\u00e1rtass\u00e1g \u00e9s a logisztika glob\u00e1lis keresleti ciklusokhoz val\u00f3 igaz\u00edt\u00e1sa r\u00e9v\u00e9n.<\/p>\t\t\t\t\t\t\t\t<\/div>\n\t\t\t\t<\/div>\n\t\t\t\t<div class=\"elementor-element elementor-element-8636745 elementor-widget elementor-widget-heading\" data-id=\"8636745\" data-element_type=\"widget\" data-e-type=\"widget\" data-widget_type=\"heading.default\">\n\t\t\t\t<div class=\"elementor-widget-container\">\n\t\t\t\t\t<h2 class=\"elementor-heading-title elementor-size-default\">Felt\u00f6rekv\u0151 trendek \u00e9s innovat\u00edv beszerz\u00e9si megold\u00e1sok<\/h2>\t\t\t\t<\/div>\n\t\t\t\t<\/div>\n\t\t\t\t<div class=\"elementor-element elementor-element-770399f elementor-widget elementor-widget-text-editor\" data-id=\"770399f\" data-element_type=\"widget\" data-e-type=\"widget\" data-widget_type=\"text-editor.default\">\n\t\t\t\t<div class=\"elementor-widget-container\">\n\t\t\t\t\t\t\t\t\t<p>Az \u00fcveg f\u0171szeres\u00fcvegek ipar\u00e1ga stabilit\u00e1ssal \u00e9s intelligens technol\u00f3gi\u00e1val fejl\u0151dik. A f\u0151bb trendek a k\u00f6vetkez\u0151k:<\/p><ul><li>\u00dajrahasznos\u00edtott anyagok: PCR \u00fcveget is tartalmaz a sz\u00e9nl\u00e1bnyom cs\u00f6kkent\u00e9se \u00e9rdek\u00e9ben.<\/li><li>K\u00f6nny\u0171 s\u00faly: S\u00falycs\u00f6kkent\u00e9s az energia \u00e9s a sz\u00e1ll\u00edt\u00e1si k\u00f6lts\u00e9gek megtakar\u00edt\u00e1sa \u00e9rdek\u00e9ben.<\/li><li>Hibrid kemenc\u00e9k: elektromos \u00e9s meg\u00fajul\u00f3 energia felhaszn\u00e1l\u00e1sa a z\u00f6ld n\u00f6v\u00e9nyek olvaszt\u00e1s\u00e1ra.<\/li><li>Okos csomagol\u00e1s: QR-k\u00f3d a nyomon k\u00f6vethet\u0151s\u00e9ghez, szenzor a frissess\u00e9g figyel\u00e9s\u00e9hez.<\/li><\/ul><p>Az innovat\u00edv beszerz\u00e9si modellek, mint p\u00e9ld\u00e1ul a k\u00f6zvetlen\u00fcl a gy\u00e1rba ir\u00e1nyul\u00f3 digit\u00e1lis platformok, \u00e1talak\u00edtj\u00e1k a v\u00e1s\u00e1rl\u00e1st. A Yeboda \u00fcveg f\u0171szeres\u00fcvegei a min\u0151s\u00e9g, az alkalmazkod\u00f3k\u00e9pess\u00e9g \u00e9s a k\u00f6rnyezettudatos gyakorlatok \u00f6tv\u00f6z\u00e9s\u00e9vel igazodnak ezekhez a trendekhez, strat\u00e9giai lehet\u0151s\u00e9get k\u00edn\u00e1lva azoknak a v\u00e1s\u00e1rl\u00f3knak, akik tov\u00e1bbadj\u00e1k \u0151ket.<\/p>\t\t\t\t\t\t\t\t<\/div>\n\t\t\t\t<\/div>\n\t\t\t\t\t<\/div>\n\t\t\t\t<\/div>\n\t\t<div class=\"elementor-element elementor-element-69c858e e-flex e-con-boxed e-con e-parent\" data-id=\"69c858e\" data-element_type=\"container\" data-e-type=\"container\" data-settings=\"{&quot;_ha_eqh_enable&quot;:false}\">\n\t\t\t\t\t<div class=\"e-con-inner\">\n\t\t\t\t<div class=\"elementor-element elementor-element-f3c6fc3 elementor-widget elementor-widget-image\" data-id=\"f3c6fc3\" data-element_type=\"widget\" data-e-type=\"widget\" data-widget_type=\"image.default\">\n\t\t\t\t<div class=\"elementor-widget-container\">\n\t\t\t\t\t\t\t\t\t\t\t\t\t\t\t<img loading=\"lazy\" decoding=\"async\" width=\"600\" height=\"450\" src=\"https:\/\/yebodaglass.com\/wp-content\/uploads\/2025\/09\/glass-spice-jars-3.webp\" class=\"attachment-large size-large wp-image-20313\" alt=\"\u00fcveg f\u0171szertart\u00f3k\" \/>\t\t\t\t\t\t\t\t\t\t\t\t\t\t\t<\/div>\n\t\t\t\t<\/div>\n\t\t\t\t<div class=\"elementor-element elementor-element-3b0e1f6 elementor-widget elementor-widget-heading\" data-id=\"3b0e1f6\" data-element_type=\"widget\" data-e-type=\"widget\" data-widget_type=\"heading.default\">\n\t\t\t\t<div class=\"elementor-widget-container\">\n\t\t\t\t\t<h2 class=\"elementor-heading-title elementor-size-default\">Strat\u00e9giai aj\u00e1nl\u00e1sok \u00e9s k\u00f6vetkeztet\u00e9sek<\/h2>\t\t\t\t<\/div>\n\t\t\t\t<\/div>\n\t\t\t\t\t<\/div>\n\t\t\t\t<\/div>\n\t\t<div class=\"elementor-element elementor-element-c2256b5 e-flex e-con-boxed e-con e-parent\" data-id=\"c2256b5\" data-element_type=\"container\" data-e-type=\"container\" data-settings=\"{&quot;_ha_eqh_enable&quot;:false}\">\n\t\t\t\t\t<div class=\"e-con-inner\">\n\t\t\t\t<div class=\"elementor-element elementor-element-3570aee elementor-widget elementor-widget-text-editor\" data-id=\"3570aee\" data-element_type=\"widget\" data-e-type=\"widget\" data-widget_type=\"text-editor.default\">\n\t\t\t\t<div class=\"elementor-widget-container\">\n\t\t\t\t\t\t\t\t\t<p>A nagykereskedelmi v\u00e1s\u00e1rl\u00f3k sz\u00e1m\u00e1ra az \u00fcveg f\u0171szertart\u00f3k forr\u00e1sa olyan d\u00f6nt\u00e9s, amely befoly\u00e1solja a m\u00e1rkaim\u00e1zst, az \u00fcgyfelek el\u00e9gedetts\u00e9g\u00e9t \u00e9s a m\u0171k\u00f6d\u00e9si hat\u00e9konys\u00e1got. A v\u00e1llalkoz\u00e1soknak a k\u00f6vetkez\u0151kre van sz\u00fcks\u00e9g\u00fck:<\/p><ul><li>Hat\u00e1rozza meg a rendel\u00e9si mennyis\u00e9gre vonatkoz\u00f3 egy\u00e9rtelm\u0171 k\u00f6vetelm\u00e9nyeket, \u00e9s \u00e9rt\u00e9kelje a besz\u00e1ll\u00edt\u00f3 sk\u00e1l\u00e1zhat\u00f3s\u00e1g\u00e1t.<\/li><li>A fogyaszt\u00f3i preferencia, a tervez\u00e9s \u00e9s a z\u00e1r\u00e1si rendszer \u00f6sszhangban volt az elv\u00e1r\u00e1sokkal.<\/li><li>\u00c9rt\u00e9kelje a glob\u00e1lis besz\u00e1ll\u00edt\u00f3kat k\u00f6lts\u00e9gek, megfelel\u0151s\u00e9g \u00e9s stabilit\u00e1s szempontj\u00e1b\u00f3l.<\/li><li>Alkalmazzon er\u0151s ad\u00f3z\u00e1si keretrendszert a hossz\u00fa t\u00e1v\u00fa partners\u00e9g biztos\u00edt\u00e1sa \u00e9rdek\u00e9ben.<\/li><li>A logisztika \u00e1talak\u00edt\u00e1sa a meghib\u00e1sod\u00e1sok \u00e9s a kisz\u00e1ll\u00edt\u00e1si k\u00f6lts\u00e9gek cs\u00f6kkent\u00e9se \u00e9rdek\u00e9ben.<\/li><li>Tekintsd a stabilit\u00e1st \u00e9s az innov\u00e1ci\u00f3t diszkrimin\u00e1ci\u00f3k\u00e9nt.<\/li><\/ul><p>Ezen strat\u00e9gi\u00e1k integr\u00e1l\u00e1s\u00e1val a nagykeresked\u0151k biztos\u00edtj\u00e1k, hogy csomagol\u00e1suk a k\u00f6lts\u00e9gek kontroll\u00e1l\u00e1sa r\u00e9v\u00e9n n\u00f6velje a m\u00e1rka\u00e9rt\u00e9ket. A Yaboda \u00fcveg f\u0171szertart\u00f3i tart\u00f3ss\u00e1gukkal, rugalmass\u00e1gukkal \u00e9s a piacra felk\u00e9sz\u00fclt formatervez\u00e9s\u00fckkel m\u00e9rc\u00e9t jelentenek a kiegyens\u00falyozott funkci\u00f3 \u00e9s m\u00e1rka\u00e9p\u00edt\u00e9s ter\u00e9n, megb\u00edzhat\u00f3 utat k\u00edn\u00e1lva a nagykereskedelmi v\u00e1s\u00e1rl\u00f3knak a hossz\u00fa t\u00e1v\u00fa sikerhez.<\/p>\t\t\t\t\t\t\t\t<\/div>\n\t\t\t\t<\/div>\n\t\t\t\t\t<\/div>\n\t\t\t\t<\/div>\n\t\t\t\t<\/div>","protected":false},"excerpt":{"rendered":"<p>Find out how to source durable glass spice jars with strong sealing, uniform quality, and reliable bulk supply for retail and distribution.<\/p>","protected":false},"author":2,"featured_media":20311,"comment_status":"open","ping_status":"open","sticky":false,"template":"","format":"standard","meta":{"_jetpack_memberships_contains_paid_content":false,"footnotes":""},"categories":[1,117],"tags":[],"class_list":["post-20310","post","type-post","status-publish","format-standard","has-post-thumbnail","hentry","category-blogs","category-industry-blog"],"blocksy_meta":[],"jetpack_featured_media_url":"https:\/\/yebodaglass.com\/wp-content\/uploads\/2025\/09\/glass-spice-jars-1.webp","jetpack_sharing_enabled":true,"_links":{"self":[{"href":"https:\/\/yebodaglass.com\/hu\/wp-json\/wp\/v2\/posts\/20310","targetHints":{"allow":["GET"]}}],"collection":[{"href":"https:\/\/yebodaglass.com\/hu\/wp-json\/wp\/v2\/posts"}],"about":[{"href":"https:\/\/yebodaglass.com\/hu\/wp-json\/wp\/v2\/types\/post"}],"author":[{"embeddable":true,"href":"https:\/\/yebodaglass.com\/hu\/wp-json\/wp\/v2\/users\/2"}],"replies":[{"embeddable":true,"href":"https:\/\/yebodaglass.com\/hu\/wp-json\/wp\/v2\/comments?post=20310"}],"version-history":[{"count":5,"href":"https:\/\/yebodaglass.com\/hu\/wp-json\/wp\/v2\/posts\/20310\/revisions"}],"predecessor-version":[{"id":26126,"href":"https:\/\/yebodaglass.com\/hu\/wp-json\/wp\/v2\/posts\/20310\/revisions\/26126"}],"wp:featuredmedia":[{"embeddable":true,"href":"https:\/\/yebodaglass.com\/hu\/wp-json\/wp\/v2\/media\/20311"}],"wp:attachment":[{"href":"https:\/\/yebodaglass.com\/hu\/wp-json\/wp\/v2\/media?parent=20310"}],"wp:term":[{"taxonomy":"category","embeddable":true,"href":"https:\/\/yebodaglass.com\/hu\/wp-json\/wp\/v2\/categories?post=20310"},{"taxonomy":"post_tag","embeddable":true,"href":"https:\/\/yebodaglass.com\/hu\/wp-json\/wp\/v2\/tags?post=20310"}],"curies":[{"name":"wp","href":"https:\/\/api.w.org\/{rel}","templated":true}]}}